{"id":30243,"date":"2022-04-28T12:41:52","date_gmt":"2022-04-28T18:41:52","guid":{"rendered":"https:\/\/informativoelvalledeaguascalientes.online\/?p=30243"},"modified":"2022-04-28T12:41:52","modified_gmt":"2022-04-28T18:41:52","slug":"congreso-de-aguascalientes-trabaja-para-mejorar-las-condiciones-laborales-de-personas-con-discapacidad","status":"publish","type":"post","link":"https:\/\/informativoelvalledeaguascalientes.online\/?p=30243","title":{"rendered":"CONGRESO DE AGUASCALIENTES TRABAJA PARA MEJORAR LAS CONDICIONES LABORALES DE PERSONAS CON DISCAPACIDAD"},"content":{"rendered":"<p><strong>#informativoelvalledeaguascalientes , #novaradioaguascalientes<br \/>\n<\/strong><\/p>\n<p>Durante los trabajos de la sesi\u00f3n de Desarrollo Econ\u00f3mico, Fomento Cooperativo y Turismo, de la LXV Legislatura del Congreso de Aguascalientes, se analiz\u00f3 una iniciativa de reforma al ordenamiento de la Ley de Integraci\u00f3n Social y Productiva de Personas con Discapacidad para el Estado de Aguascalientes, as\u00ed lo coment\u00f3 en entrevista la diputada presidenta de la citada comisi\u00f3n Alma Hilda Medina.<\/p>\n<p>Explic\u00f3 que la iniciativa fue presentada por las y los diputados Juanis Mart\u00ednez, Temo Escobedo y Emanuelle S\u00e1nchez N\u00e1jera, con el objeto de generar una reciprocidad cuantitativa, en favor de las personas con discapacidad y de personas con requerimientos especiales, para establecer en la Ley expresamente que las plantillas laborales de cualquiera de los tres poderes p\u00fablicos, los organismos paraestatales, los organismos constitucionales aut\u00f3nomos y los municipios, aumenten un 5 por ciento su plantilla laboral de personas con discapacidad.<\/p>\n<p>Aunado a lo anterior, la iniciativa detalla que esto representa un porcentaje justo rec\u00edproco, en favor de dicho sector dentro de nuestro Estado; asimismo, impulsar que, en el sector privado mediante incentivos fiscales, se logre la contrataci\u00f3n del mismo porcientaje.<\/p>\n<p>En este sentido la legisladora Alma Hilda Medina, puntualiz\u00f3 que continuar\u00e1n con el an\u00e1lisis de esta propuesta ya que es necesario realizar adecuaciones a los t\u00e9rminos legales y realizar un estudio puntual sobre el estado que guardan las instalaciones gubernamentales para cumplir con este objetivo.<\/p>\n<p>A la comisi\u00f3n tambi\u00e9n asistieron la congresista, Laura Ponce y el legislador Ad\u00e1n Valdivia L\u00f3pez.<\/p>\n<p>&nbsp;<\/p>\n","protected":false},"excerpt":{"rendered":"<p>#informativoelvalledeaguascalientes , #novaradioaguascalientes Durante los trabajos de la sesi\u00f3n de Desarrollo Econ\u00f3mico, Fomento Cooperativo y Turismo, de la LXV Legislatura del Congreso de Aguascalientes, se analiz\u00f3 una iniciativa de reforma al ordenamiento de la Ley de Integraci\u00f3n Social y Productiva de Personas con Discapacidad para el Estado de Aguascalientes, as\u00ed lo coment\u00f3 en entrevista la [&hellip;]<\/p>\n","protected":false},"author":1,"featured_media":30247,"comment_status":"closed","ping_status":"open","sticky":false,"template":"","format":"standard","meta":{"advanced_seo_description":"","jetpack_seo_html_title":"","jetpack_seo_noindex":false,"_jetpack_memberships_contains_paid_content":false,"footnotes":"","jetpack_publicize_message":"","jetpack_publicize_feature_enabled":true,"jetpack_social_post_already_shared":true,"jetpack_social_options":{"image_generator_settings":{"template":"highway","default_image_id":0,"font":"","enabled":false},"version":2}},"categories":[21,5],"tags":[22,520],"class_list":["post-30243","post","type-post","status-publish","format-standard","has-post-thumbnail","hentry","category-aguascalientes","category-h-congreso-del-estado-aguascalientes","tag-aguascalientes","tag-lxv-legislatura-aguascalientes"],"jetpack_publicize_connections":[],"jetpack_featured_media_url":"https:\/\/i0.wp.com\/informativoelvalledeaguascalientes.online\/wp-content\/uploads\/2022\/04\/DSC_4818-1.jpg?fit=1011%2C568&ssl=1","jetpack-related-posts":[],"jetpack_sharing_enabled":true,"jetpack_likes_enabled":true,"_links":{"self":[{"href":"https:\/\/informativoelvalledeaguascalientes.online\/index.php?rest_route=\/wp\/v2\/posts\/30243","targetHints":{"allow":["GET"]}}],"collection":[{"href":"https:\/\/informativoelvalledeaguascalientes.online\/index.php?rest_route=\/wp\/v2\/posts"}],"about":[{"href":"https:\/\/informativoelvalledeaguascalientes.online\/index.php?rest_route=\/wp\/v2\/types\/post"}],"author":[{"embeddable":true,"href":"https:\/\/informativoelvalledeaguascalientes.online\/index.php?rest_route=\/wp\/v2\/users\/1"}],"replies":[{"embeddable":true,"href":"https:\/\/informativoelvalledeaguascalientes.online\/index.php?rest_route=%2Fwp%2Fv2%2Fcomments&post=30243"}],"version-history":[{"count":1,"href":"https:\/\/informativoelvalledeaguascalientes.online\/index.php?rest_route=\/wp\/v2\/posts\/30243\/revisions"}],"predecessor-version":[{"id":30248,"href":"https:\/\/informativoelvalledeaguascalientes.online\/index.php?rest_route=\/wp\/v2\/posts\/30243\/revisions\/30248"}],"wp:featuredmedia":[{"embeddable":true,"href":"https:\/\/informativoelvalledeaguascalientes.online\/index.php?rest_route=\/wp\/v2\/media\/30247"}],"wp:attachment":[{"href":"https:\/\/informativoelvalledeaguascalientes.online\/index.php?rest_route=%2Fwp%2Fv2%2Fmedia&parent=30243"}],"wp:term":[{"taxonomy":"category","embeddable":true,"href":"https:\/\/informativoelvalledeaguascalientes.online\/index.php?rest_route=%2Fwp%2Fv2%2Fcategories&post=30243"},{"taxonomy":"post_tag","embeddable":true,"href":"https:\/\/informativoelvalledeaguascalientes.online\/index.php?rest_route=%2Fwp%2Fv2%2Ftags&post=30243"}],"curies":[{"name":"wp","href":"https:\/\/api.w.org\/{rel}","templated":true}]}}