{"id":3023,"date":"2020-02-16T22:38:02","date_gmt":"2020-02-17T04:38:02","guid":{"rendered":"https:\/\/informativoelvalledeaguascalientes.online\/?p=3023"},"modified":"2020-02-16T22:38:02","modified_gmt":"2020-02-17T04:38:02","slug":"uta-prepara-el-terreno-de-practica-para-sus-alumnos-de-modalidad-dual-y-de-estadias-profesionales","status":"publish","type":"post","link":"https:\/\/informativoelvalledeaguascalientes.online\/?p=3023","title":{"rendered":"UTA PREPARA EL TERRENO DE PR\u00c1CTICA PARA SUS ALUMNOS DE MODALIDAD DUAL Y DE ESTAD\u00cdAS PROFESIONALES\u00a0"},"content":{"rendered":"<ul type=\"disc\">\n<li><b><i><span lang=\"ES\">Gracias al trabajo de vinculaci\u00f3n con el sector productivo, los estudiantes tendr\u00e1n oportunidad de incursionar en las mejores empresas de la regi\u00f3n.<\/span><\/i><\/b><\/li>\n<\/ul>\n<p><span lang=\"ES\"><u><\/u>\u00a0<u><\/u><\/span><\/p>\n<p><span lang=\"ES\">La Universidad Tecnol\u00f3gica de Aguascalientes (UTA), recibi\u00f3 a representantes de la empresa de\u00a0servicio de almac\u00e9n y fulfillment, Marketful M\u00e9xico, quienes realizaron una jornada de selecci\u00f3n para incorporar a sus procesos a estudiantes de la Modalidad Dual, as\u00ed como de modalidad \u201ctradicional\u201d que realizar\u00e1n sus Estancias y Estad\u00edas Profesionales, inform\u00f3 Miguel Antonio Ch\u00e1vez Mart\u00ednez, rector de la Instituci\u00f3n educativa.<\/span><\/p>\n<p><span lang=\"ES\"><u><\/u>\u00a0<u><\/u><\/span><\/p>\n<p><span lang=\"ES\">Se\u00f1al\u00f3 que ser\u00e1 durante el cuatrimestre mayo-agosto cuando los alumnos de la Modalidad Dual de las carreras de Tecnolog\u00edas de la Informaci\u00f3n y Mecatr\u00f3nica, realicen sus \u201cestancias\u201d en el sector productivo, se incorpor\u00e1ndose a las empresas que los acoger\u00e1n como colaboradores en sus procesos productivos.<\/span><\/p>\n<p><span lang=\"ES\"><u><\/u>\u00a0<u><\/u><\/span><\/p>\n<p><span lang=\"ES\">Por lo anterior, dijo, la Secretaria de Vinculaci\u00f3n, as\u00ed como los directores de las carreras mencionadas, se encuentran realizando un arduo trabajo de contacto y gesti\u00f3n de espacios, por lo que, durante las pr\u00f3ximas semanas, la Universidad tendr\u00e1 la visita de m\u00e1s empresas.<\/span><\/p>\n<p><span lang=\"ES\"><u><\/u>\u00a0<u><\/u><\/span><\/p>\n<p><span lang=\"ES\">El rector destac\u00f3 que los beneficios de la Formaci\u00f3n Dual impactan en tres direcciones, en los alumnos, por el apoyo econ\u00f3mico que reciben a trav\u00e9s de la beca-salario que se les asigna durante toda la carrera; en las Instituciones de Educaci\u00f3n Superior porque necesariamente se tiene que estar en una constante actualizaci\u00f3n de planes y programas de estudio y en las empresas, porque de esta manera cuentan con personal calificado acorde con las necesidades de la empresa, solo por mencionar algunos.<\/span><\/p>\n<p><span lang=\"ES\"><u><\/u>\u00a0<u><\/u><\/span><\/p>\n","protected":false},"excerpt":{"rendered":"<p>Gracias al trabajo de vinculaci\u00f3n con el sector productivo, los estudiantes tendr\u00e1n oportunidad de incursionar en las mejores empresas de la regi\u00f3n. \u00a0 La Universidad Tecnol\u00f3gica de Aguascalientes (UTA), recibi\u00f3 a representantes de la empresa de\u00a0servicio de almac\u00e9n y fulfillment, Marketful M\u00e9xico, quienes realizaron una jornada de selecci\u00f3n para incorporar a sus procesos a estudiantes [&hellip;]<\/p>\n","protected":false},"author":1,"featured_media":3024,"comment_status":"closed","ping_status":"open","sticky":false,"template":"","format":"standard","meta":{"advanced_seo_description":"","jetpack_seo_html_title":"","jetpack_seo_noindex":false,"_jetpack_memberships_contains_paid_content":false,"footnotes":"","jetpack_publicize_message":"","jetpack_publicize_feature_enabled":true,"jetpack_social_post_already_shared":true,"jetpack_social_options":{"image_generator_settings":{"template":"highway","default_image_id":0,"font":"","enabled":false},"version":2}},"categories":[21,4],"tags":[22,28],"class_list":["post-3023","post","type-post","status-publish","format-standard","has-post-thumbnail","hentry","category-aguascalientes","category-gobierno-del-estado-aguascalientes","tag-aguascalientes","tag-uta"],"jetpack_publicize_connections":[],"jetpack_featured_media_url":"https:\/\/i0.wp.com\/informativoelvalledeaguascalientes.online\/wp-content\/uploads\/2020\/02\/uta_16022020.jpg?fit=822%2C582&ssl=1","jetpack-related-posts":[],"jetpack_sharing_enabled":true,"jetpack_likes_enabled":true,"_links":{"self":[{"href":"https:\/\/informativoelvalledeaguascalientes.online\/index.php?rest_route=\/wp\/v2\/posts\/3023","targetHints":{"allow":["GET"]}}],"collection":[{"href":"https:\/\/informativoelvalledeaguascalientes.online\/index.php?rest_route=\/wp\/v2\/posts"}],"about":[{"href":"https:\/\/informativoelvalledeaguascalientes.online\/index.php?rest_route=\/wp\/v2\/types\/post"}],"author":[{"embeddable":true,"href":"https:\/\/informativoelvalledeaguascalientes.online\/index.php?rest_route=\/wp\/v2\/users\/1"}],"replies":[{"embeddable":true,"href":"https:\/\/informativoelvalledeaguascalientes.online\/index.php?rest_route=%2Fwp%2Fv2%2Fcomments&post=3023"}],"version-history":[{"count":1,"href":"https:\/\/informativoelvalledeaguascalientes.online\/index.php?rest_route=\/wp\/v2\/posts\/3023\/revisions"}],"predecessor-version":[{"id":3025,"href":"https:\/\/informativoelvalledeaguascalientes.online\/index.php?rest_route=\/wp\/v2\/posts\/3023\/revisions\/3025"}],"wp:featuredmedia":[{"embeddable":true,"href":"https:\/\/informativoelvalledeaguascalientes.online\/index.php?rest_route=\/wp\/v2\/media\/3024"}],"wp:attachment":[{"href":"https:\/\/informativoelvalledeaguascalientes.online\/index.php?rest_route=%2Fwp%2Fv2%2Fmedia&parent=3023"}],"wp:term":[{"taxonomy":"category","embeddable":true,"href":"https:\/\/informativoelvalledeaguascalientes.online\/index.php?rest_route=%2Fwp%2Fv2%2Fcategories&post=3023"},{"taxonomy":"post_tag","embeddable":true,"href":"https:\/\/informativoelvalledeaguascalientes.online\/index.php?rest_route=%2Fwp%2Fv2%2Ftags&post=3023"}],"curies":[{"name":"wp","href":"https:\/\/api.w.org\/{rel}","templated":true}]}}