{"id":30190,"date":"2022-04-26T22:29:39","date_gmt":"2022-04-27T04:29:39","guid":{"rendered":"https:\/\/informativoelvalledeaguascalientes.online\/?p=30190"},"modified":"2022-04-26T22:29:39","modified_gmt":"2022-04-27T04:29:39","slug":"tere-jimenez-seguira-haciendo-equipo-con-el-sector-empresarial-para-fortalecer-economia-local","status":"publish","type":"post","link":"https:\/\/informativoelvalledeaguascalientes.online\/?p=30190","title":{"rendered":"TERE JIM\u00c9NEZ SEGUIR\u00c1 HACIENDO EQUIPO CON EL SECTOR EMPRESARIAL PARA FORTALECER ECONOM\u00cdA LOCAL"},"content":{"rendered":"<p><strong>#informativoelvalledeaguascalientes , #novaradioaguascalientes<br \/>\n<\/strong><br \/>\nTere Jim\u00e9nez contin\u00faa visitando las empresas locales para hacerles saber sus principales propuestas y fortalecer la econom\u00eda local.<\/p>\n<p>La candidata de la coalici\u00f3n \u201cVa Por Aguascalientes\u201d al Gobierno del Estado busca establecer alianzas y consolidar proyectos como la colocaci\u00f3n de mujeres en empresas locales, los est\u00edmulos empresariales para apoyar el empleo de personas con discapacidad o personas adultas, entre otras propuestas contempladas en su Plan de Gobierno para fortalecer la econom\u00eda local.<\/p>\n<p>La candidata se\u00f1al\u00f3 que los acuerdos con el sector empresarial buscan consolidar tambi\u00e9n un d\u00eda especial de Bolsa de Empleos, para que su administraci\u00f3n sea un puente entre las necesidades empresariales y la ciudadan\u00eda en busca de opciones laborales.<\/p>\n<p>Tere Jim\u00e9nez se\u00f1al\u00f3 que, durante su gesti\u00f3n, se promover\u00e1n apoyos educativos que permitan a los j\u00f3venes tener una vinculaci\u00f3n m\u00e1s exitosa con empresas tanto locales como internacionales, por lo que hacer estas alianzas con el empresariado de Aguascalientes incrementa las oportunidades de tener una econom\u00eda m\u00e1s fuerte en nuestra entidad.<\/p>\n","protected":false},"excerpt":{"rendered":"<p>#informativoelvalledeaguascalientes , #novaradioaguascalientes Tere Jim\u00e9nez contin\u00faa visitando las empresas locales para hacerles saber sus principales propuestas y fortalecer la econom\u00eda local. La candidata de la coalici\u00f3n \u201cVa Por Aguascalientes\u201d al Gobierno del Estado busca establecer alianzas y consolidar proyectos como la colocaci\u00f3n de mujeres en empresas locales, los est\u00edmulos empresariales para apoyar el empleo de [&hellip;]<\/p>\n","protected":false},"author":1,"featured_media":30192,"comment_status":"closed","ping_status":"open","sticky":false,"template":"","format":"standard","meta":{"advanced_seo_description":"","jetpack_seo_html_title":"","jetpack_seo_noindex":false,"_jetpack_memberships_contains_paid_content":false,"footnotes":"","jetpack_publicize_message":"","jetpack_publicize_feature_enabled":true,"jetpack_social_post_already_shared":true,"jetpack_social_options":{"image_generator_settings":{"template":"highway","default_image_id":0,"font":"","enabled":false},"version":2}},"categories":[21,7],"tags":[22,23,43,320],"class_list":["post-30190","post","type-post","status-publish","format-standard","has-post-thumbnail","hentry","category-aguascalientes","category-pan-aguascalientes","tag-aguascalientes","tag-pan-aguascalientes","tag-pan-aguascalientes-cde","tag-tere-jimenez"],"jetpack_publicize_connections":[],"jetpack_featured_media_url":"https:\/\/i0.wp.com\/informativoelvalledeaguascalientes.online\/wp-content\/uploads\/2022\/04\/5ccea0bd-4157-48ff-bc01-13a4fc85099e.jpg?fit=1600%2C1066&ssl=1","jetpack-related-posts":[],"jetpack_sharing_enabled":true,"jetpack_likes_enabled":true,"_links":{"self":[{"href":"https:\/\/informativoelvalledeaguascalientes.online\/index.php?rest_route=\/wp\/v2\/posts\/30190","targetHints":{"allow":["GET"]}}],"collection":[{"href":"https:\/\/informativoelvalledeaguascalientes.online\/index.php?rest_route=\/wp\/v2\/posts"}],"about":[{"href":"https:\/\/informativoelvalledeaguascalientes.online\/index.php?rest_route=\/wp\/v2\/types\/post"}],"author":[{"embeddable":true,"href":"https:\/\/informativoelvalledeaguascalientes.online\/index.php?rest_route=\/wp\/v2\/users\/1"}],"replies":[{"embeddable":true,"href":"https:\/\/informativoelvalledeaguascalientes.online\/index.php?rest_route=%2Fwp%2Fv2%2Fcomments&post=30190"}],"version-history":[{"count":1,"href":"https:\/\/informativoelvalledeaguascalientes.online\/index.php?rest_route=\/wp\/v2\/posts\/30190\/revisions"}],"predecessor-version":[{"id":30193,"href":"https:\/\/informativoelvalledeaguascalientes.online\/index.php?rest_route=\/wp\/v2\/posts\/30190\/revisions\/30193"}],"wp:featuredmedia":[{"embeddable":true,"href":"https:\/\/informativoelvalledeaguascalientes.online\/index.php?rest_route=\/wp\/v2\/media\/30192"}],"wp:attachment":[{"href":"https:\/\/informativoelvalledeaguascalientes.online\/index.php?rest_route=%2Fwp%2Fv2%2Fmedia&parent=30190"}],"wp:term":[{"taxonomy":"category","embeddable":true,"href":"https:\/\/informativoelvalledeaguascalientes.online\/index.php?rest_route=%2Fwp%2Fv2%2Fcategories&post=30190"},{"taxonomy":"post_tag","embeddable":true,"href":"https:\/\/informativoelvalledeaguascalientes.online\/index.php?rest_route=%2Fwp%2Fv2%2Ftags&post=30190"}],"curies":[{"name":"wp","href":"https:\/\/api.w.org\/{rel}","templated":true}]}}