{"id":30182,"date":"2022-04-26T22:20:34","date_gmt":"2022-04-27T04:20:34","guid":{"rendered":"https:\/\/informativoelvalledeaguascalientes.online\/?p=30182"},"modified":"2022-04-26T22:21:53","modified_gmt":"2022-04-27T04:21:53","slug":"aguascalientes-sera-un-lugar-seguro-para-las-mujeres-tere-jimenez","status":"publish","type":"post","link":"https:\/\/informativoelvalledeaguascalientes.online\/?p=30182","title":{"rendered":"\u201cAGUASCALIENTES SER\u00c1 UN LUGAR SEGURO PARA LAS MUJERES\u201d: TERE JIM\u00c9NEZ"},"content":{"rendered":"<p><strong>#informativoelvalledeaguascalientes , #novaradioaguascalientes<br \/>\n<\/strong><br \/>\n\u2022 Se crear\u00e1 la Fiscal\u00eda Especializada para las Mujeres del Estado de Aguascalientes.<\/p>\n<p>\u2022 Habr\u00e1 Casas Rosas en todo el estado, en donde se proteger\u00e1 a mujeres v\u00edctimas de violencia.<\/p>\n<p>\u2022 Durante su gesti\u00f3n se erradicar\u00e1 la revictimizaci\u00f3n institucional.<\/p>\n<p>Tere Jim\u00e9nez firm\u00f3 la Alianza por la Seguridad de la Mujeres de Aguascalientes. Acompa\u00f1ada por representantes de diversas asociaciones y organizaciones que trabajan en el combate a la violencia de g\u00e9nero, la candidata se comprometi\u00f3 a que, en su administraci\u00f3n, Aguascalientes se convierta en un lugar seguro para ni\u00f1as y mujeres.<\/p>\n<p>Anunci\u00f3 la creaci\u00f3n de la Fiscal\u00eda Especializada para las Mujeres del Estado (FEMA), que ser\u00e1 encabezada por una mujer y cuyo personal ser\u00e1 capacitado para atender los casos relacionados con la violencia de g\u00e9nero.<\/p>\n<p>Durante su gesti\u00f3n se erradicar\u00e1 la revictimizaci\u00f3n institucional, se tendr\u00e1 un gabinete paritario y todas las \u00e1reas de su administraci\u00f3n estar\u00e1n certificadas con la Norma Oficial Mexicana 025 que establece la Igualdad Laboral y la No Discriminaci\u00f3n.<\/p>\n<p>\u201cSeremos una administraci\u00f3n con perspectiva de g\u00e9nero, todas las dependencias ser\u00e1n certificadas con la Norma Oficial Mexicana 025. En nuestro gobierno erradicaremos la revictimizaci\u00f3n institucional de las mujeres\u201d, asegur\u00f3.<\/p>\n<p>La candidata de la Coalici\u00f3n \u201cVa Por Aguascalientes\u201d anunci\u00f3 que se conformar\u00e1 una polic\u00eda especializada para atender casos de violencia contra mujeres, con personal capacitado y sensible a las necesidades de quienes requieran su atenci\u00f3n.<\/p>\n<p>Se fortalecer\u00e1 el Centro de Justicia para la Mujer, ampliando los horarios de atenci\u00f3n para que quienes as\u00ed lo requieran cuenten con orientaci\u00f3n y compa\u00f1\u00eda en una situaci\u00f3n de violencia.<\/p>\n<p>Tere Jim\u00e9nez se\u00f1al\u00f3 que habr\u00e1 Casas Rosas en todo el estado, en donde se proteger\u00e1 a mujeres v\u00edctimas de violencia y a sus hijos o hijas, recibir\u00e1n respaldo y acompa\u00f1amiento de expertas y expertos en el tema, brind\u00e1ndoles el apoyo necesario tanto emocional, psicol\u00f3gico o de cualquier \u00edndole. Adem\u00e1s, se apoyar\u00e1 el empoderamiento de las mujeres y se otorgar\u00e1n incentivos a empresarios que las contraten.<\/p>\n<p>\u201cNo las vamos a dejar solas, las vamos a acompa\u00f1ar y a empoderar econ\u00f3micamente. Tenemos programas para que emprendan un negocio propio, como lo es \u2018Cr\u00e9dito a la Palabra de la Mujer\u2019, y podemos conectarlas con la industria de Aguascalientes.\u201d<\/p>\n<p>A\u00f1adi\u00f3 que se buscar\u00e1 consolidar espacios de Transporte Seguro especialmente para dar servicio a este sector de la poblaci\u00f3n y que su administraci\u00f3n trabajar\u00e1 de la mano con Asociaciones y Organizaciones que combaten la violencia de g\u00e9nero.<\/p>\n<p>La candidata se\u00f1al\u00f3 que, por primera vez en la historia, Aguascalientes tendr\u00e1 una gobernadora, lo que representa la posibilidad de que las mujeres sean escuchadas y se logren avances importantes en la equidad de g\u00e9nero.<\/p>\n<p>\u201cLas mujeres de Aguascalientes no est\u00e1n solas, caminaremos juntas en este pr\u00f3ximo Gobierno del Estado y trabajaremos por un Aguascalientes en el que ni\u00f1as y mujeres puedan vivir seguras y en paz\u201d, concluy\u00f3.<\/p>\n","protected":false},"excerpt":{"rendered":"<p>#informativoelvalledeaguascalientes , #novaradioaguascalientes \u2022 Se crear\u00e1 la Fiscal\u00eda Especializada para las Mujeres del Estado de Aguascalientes. \u2022 Habr\u00e1 Casas Rosas en todo el estado, en donde se proteger\u00e1 a mujeres v\u00edctimas de violencia. \u2022 Durante su gesti\u00f3n se erradicar\u00e1 la revictimizaci\u00f3n institucional. Tere Jim\u00e9nez firm\u00f3 la Alianza por la Seguridad de la Mujeres de Aguascalientes. [&hellip;]<\/p>\n","protected":false},"author":1,"featured_media":30186,"comment_status":"closed","ping_status":"open","sticky":false,"template":"","format":"standard","meta":{"advanced_seo_description":"","jetpack_seo_html_title":"","jetpack_seo_noindex":false,"_jetpack_memberships_contains_paid_content":false,"footnotes":"","jetpack_publicize_message":"","jetpack_publicize_feature_enabled":true,"jetpack_social_post_already_shared":true,"jetpack_social_options":{"image_generator_settings":{"template":"highway","default_image_id":0,"font":"","enabled":false},"version":2}},"categories":[21,7,1],"tags":[22,23,43,320],"class_list":["post-30182","post","type-post","status-publish","format-standard","has-post-thumbnail","hentry","category-aguascalientes","category-pan-aguascalientes","category-uncategorized","tag-aguascalientes","tag-pan-aguascalientes","tag-pan-aguascalientes-cde","tag-tere-jimenez"],"jetpack_publicize_connections":[],"jetpack_featured_media_url":"https:\/\/i0.wp.com\/informativoelvalledeaguascalientes.online\/wp-content\/uploads\/2022\/04\/a43712cb-65d7-48ac-8e96-7f8b3bac8b14.jpg?fit=1523%2C892&ssl=1","jetpack-related-posts":[],"jetpack_sharing_enabled":true,"jetpack_likes_enabled":true,"_links":{"self":[{"href":"https:\/\/informativoelvalledeaguascalientes.online\/index.php?rest_route=\/wp\/v2\/posts\/30182","targetHints":{"allow":["GET"]}}],"collection":[{"href":"https:\/\/informativoelvalledeaguascalientes.online\/index.php?rest_route=\/wp\/v2\/posts"}],"about":[{"href":"https:\/\/informativoelvalledeaguascalientes.online\/index.php?rest_route=\/wp\/v2\/types\/post"}],"author":[{"embeddable":true,"href":"https:\/\/informativoelvalledeaguascalientes.online\/index.php?rest_route=\/wp\/v2\/users\/1"}],"replies":[{"embeddable":true,"href":"https:\/\/informativoelvalledeaguascalientes.online\/index.php?rest_route=%2Fwp%2Fv2%2Fcomments&post=30182"}],"version-history":[{"count":1,"href":"https:\/\/informativoelvalledeaguascalientes.online\/index.php?rest_route=\/wp\/v2\/posts\/30182\/revisions"}],"predecessor-version":[{"id":30185,"href":"https:\/\/informativoelvalledeaguascalientes.online\/index.php?rest_route=\/wp\/v2\/posts\/30182\/revisions\/30185"}],"wp:featuredmedia":[{"embeddable":true,"href":"https:\/\/informativoelvalledeaguascalientes.online\/index.php?rest_route=\/wp\/v2\/media\/30186"}],"wp:attachment":[{"href":"https:\/\/informativoelvalledeaguascalientes.online\/index.php?rest_route=%2Fwp%2Fv2%2Fmedia&parent=30182"}],"wp:term":[{"taxonomy":"category","embeddable":true,"href":"https:\/\/informativoelvalledeaguascalientes.online\/index.php?rest_route=%2Fwp%2Fv2%2Fcategories&post=30182"},{"taxonomy":"post_tag","embeddable":true,"href":"https:\/\/informativoelvalledeaguascalientes.online\/index.php?rest_route=%2Fwp%2Fv2%2Ftags&post=30182"}],"curies":[{"name":"wp","href":"https:\/\/api.w.org\/{rel}","templated":true}]}}