{"id":30177,"date":"2022-04-26T22:14:35","date_gmt":"2022-04-27T04:14:35","guid":{"rendered":"https:\/\/informativoelvalledeaguascalientes.online\/?p=30177"},"modified":"2022-04-26T22:14:35","modified_gmt":"2022-04-27T04:14:35","slug":"activa-proteccion-civil-protocolo-de-atencion-a-familias-afectadas-por-lluvias-en-san-francisco-de-los-romo","status":"publish","type":"post","link":"https:\/\/informativoelvalledeaguascalientes.online\/?p=30177","title":{"rendered":"ACTIVA PROTECCI\u00d3N CIVIL PROTOCOLO DE ATENCI\u00d3N A FAMILIAS AFECTADAS POR LLUVIAS EN SAN FRANCISCO DE LOS ROMO"},"content":{"rendered":"<p><strong>#informativoelvalledeaguascalientes , #novaradioaguascalientes<br \/>\n<\/strong><\/p>\n<ul>\n<li style=\"font-weight: 400;\"><strong><em>Protecci\u00f3n Civil realiz\u00f3 labores de desazolve, mientras que DIF Estatal provey\u00f3 alimentos y cobijas e ISSEA revisi\u00f3n de las condiciones de salud<\/em><\/strong><\/li>\n<li style=\"font-weight: 400;\"><strong><em>En coordinaci\u00f3n con sus hom\u00f3logos municipales, se auxili\u00f2 a seis veh\u00edculos varados en Jesus Mar\u00eda<\/em><\/strong><\/li>\n<\/ul>\n<p style=\"font-weight: 400;\"><strong><em>\u00a0<\/em><\/strong><\/p>\n<p style=\"font-weight: 400;\">La Coordinaci\u00f3n Estatal de Protecci\u00f3n Civil activ\u00f3 un protocolo emergente e inmediato para la atenci\u00f3n integral de dos familias afectadas en San Francisco de los Romo, por las fuertes lluvias registradas la tarde de este martes 26 de abril en gran parte del territorio estatal, familias que fueron trasladadas al refugio temporal habilitado en las instalaciones del DIF de dicha demarcaci\u00f3n debido a inundaci\u00f3n en sus viviendas superior a los 30 cent\u00edmetros.<\/p>\n<p style=\"font-weight: 400;\">\n<p style=\"font-weight: 400;\">Elementos de Protecci\u00f3n Civil Estatal se trasladaron con equipo de bombeo, al fraccionamiento Paseos de la Providencia, ubicado en San Francisco de los Romo, para apoyar a sus hom\u00f3logos municipales en labores de desazolve, revisi\u00f3n de las condiciones de las viviendas para evaluaci\u00f3n de da\u00f1os, as\u00ed como el traslado de las familias al referido albergue.<\/p>\n<p style=\"font-weight: 400;\">\n<p style=\"font-weight: 400;\">Como parte del protocolo, personal del DIF Estatal acudi\u00f3 a llevar alimentos calientes e impermeables, en tanto que por parte de la Secretar\u00eda de Salud del Estado, equipo m\u00e9dico realiz\u00f3 revisiones de las condiciones generales de salud de los integrantes de las familias, todos salvaguardados en su integridad f\u00edsica.<\/p>\n<p style=\"font-weight: 400;\">\n<p style=\"font-weight: 400;\">Protecci\u00f3n Civil Estatal en coordinaci\u00f3n con sus hom\u00f3logos del municipio de Jes\u00fas Mar\u00eda, auxili\u00f3 a cerca de seis veh\u00edculos varados en las laterales de la carretera 45 norte, a la altura de la comunidad de Margaritas, debido al nivel del agua que se alcanz\u00f3, mientras que los carriles centrales de la carretera solo presentaron encharcamientos moderados, de manera que no se interrumpi\u00f3 la circulaci\u00f3n por los carriles principales.<\/p>\n<p style=\"font-weight: 400;\">\n<p style=\"font-weight: 400;\">Las r\u00e1fagas que acompa\u00f1aron las lluvias durante la tarde y noche, derribaron dos \u00e1rboles en la avenida Alameda de la ciudad capital, y uno m\u00e1s cerca de la cl\u00ednica n\u00famero 8 del IMSS, en tanto que se report\u00f3 ca\u00edda de granizo en Pabell\u00f3n de Arteaga, sin que se tuviera informaci\u00f3n de afectaciones en inmuebles o en la integridad f\u00edsica de los habitantes de dicho municipio; otros puntos que recibieron granizo fueron el Rancho Medio Kilo y la zona nororiente del municipio de Aguascalientes.<\/p>\n","protected":false},"excerpt":{"rendered":"<p>#informativoelvalledeaguascalientes , #novaradioaguascalientes Protecci\u00f3n Civil realiz\u00f3 labores de desazolve, mientras que DIF Estatal provey\u00f3 alimentos y cobijas e ISSEA revisi\u00f3n de las condiciones de salud En coordinaci\u00f3n con sus hom\u00f3logos municipales, se auxili\u00f2 a seis veh\u00edculos varados en Jesus Mar\u00eda \u00a0 La Coordinaci\u00f3n Estatal de Protecci\u00f3n Civil activ\u00f3 un protocolo emergente e inmediato para la [&hellip;]<\/p>\n","protected":false},"author":1,"featured_media":30179,"comment_status":"closed","ping_status":"open","sticky":false,"template":"","format":"standard","meta":{"advanced_seo_description":"","jetpack_seo_html_title":"","jetpack_seo_noindex":false,"_jetpack_memberships_contains_paid_content":false,"footnotes":"","jetpack_publicize_message":"","jetpack_publicize_feature_enabled":true,"jetpack_social_post_already_shared":true,"jetpack_social_options":{"image_generator_settings":{"template":"highway","default_image_id":0,"font":"","enabled":false},"version":2}},"categories":[21,4],"tags":[22,466,39],"class_list":["post-30177","post","type-post","status-publish","format-standard","has-post-thumbnail","hentry","category-aguascalientes","category-gobierno-del-estado-aguascalientes","tag-aguascalientes","tag-coordinacion-estatal-de-proteccion-civil","tag-iea"],"jetpack_publicize_connections":[],"jetpack_featured_media_url":"https:\/\/i0.wp.com\/informativoelvalledeaguascalientes.online\/wp-content\/uploads\/2022\/04\/17066_img_2.jpg?fit=800%2C600&ssl=1","jetpack-related-posts":[],"jetpack_sharing_enabled":true,"jetpack_likes_enabled":true,"_links":{"self":[{"href":"https:\/\/informativoelvalledeaguascalientes.online\/index.php?rest_route=\/wp\/v2\/posts\/30177","targetHints":{"allow":["GET"]}}],"collection":[{"href":"https:\/\/informativoelvalledeaguascalientes.online\/index.php?rest_route=\/wp\/v2\/posts"}],"about":[{"href":"https:\/\/informativoelvalledeaguascalientes.online\/index.php?rest_route=\/wp\/v2\/types\/post"}],"author":[{"embeddable":true,"href":"https:\/\/informativoelvalledeaguascalientes.online\/index.php?rest_route=\/wp\/v2\/users\/1"}],"replies":[{"embeddable":true,"href":"https:\/\/informativoelvalledeaguascalientes.online\/index.php?rest_route=%2Fwp%2Fv2%2Fcomments&post=30177"}],"version-history":[{"count":1,"href":"https:\/\/informativoelvalledeaguascalientes.online\/index.php?rest_route=\/wp\/v2\/posts\/30177\/revisions"}],"predecessor-version":[{"id":30180,"href":"https:\/\/informativoelvalledeaguascalientes.online\/index.php?rest_route=\/wp\/v2\/posts\/30177\/revisions\/30180"}],"wp:featuredmedia":[{"embeddable":true,"href":"https:\/\/informativoelvalledeaguascalientes.online\/index.php?rest_route=\/wp\/v2\/media\/30179"}],"wp:attachment":[{"href":"https:\/\/informativoelvalledeaguascalientes.online\/index.php?rest_route=%2Fwp%2Fv2%2Fmedia&parent=30177"}],"wp:term":[{"taxonomy":"category","embeddable":true,"href":"https:\/\/informativoelvalledeaguascalientes.online\/index.php?rest_route=%2Fwp%2Fv2%2Fcategories&post=30177"},{"taxonomy":"post_tag","embeddable":true,"href":"https:\/\/informativoelvalledeaguascalientes.online\/index.php?rest_route=%2Fwp%2Fv2%2Ftags&post=30177"}],"curies":[{"name":"wp","href":"https:\/\/api.w.org\/{rel}","templated":true}]}}