{"id":30166,"date":"2022-04-26T22:26:09","date_gmt":"2022-04-27T04:26:09","guid":{"rendered":"https:\/\/informativoelvalledeaguascalientes.online\/?p=30166"},"modified":"2022-04-26T22:26:09","modified_gmt":"2022-04-27T04:26:09","slug":"nuestra-administracion-sera-sometida-a-evaluacion-ciudadana-tere-jimenez","status":"publish","type":"post","link":"https:\/\/informativoelvalledeaguascalientes.online\/?p=30166","title":{"rendered":"\u201cNUESTRA ADMINISTRACI\u00d3N SER\u00c1 SOMETIDA A EVALUACI\u00d3N CIUDADANA\u201d: TERE JIM\u00c9NEZ"},"content":{"rendered":"<p>&nbsp;<\/p>\n<p><strong>#informativoelvalledeaguascalientes , #novaradioaguascalientes<\/strong><\/p>\n<p>\u2022 El ejercicio de los recursos p\u00fablicos se llevar\u00e1 a cabo de manera abierta y transparente, promoviendo siempre la rendici\u00f3n de cuentas.<\/p>\n<p>\u2022 Todos los programas que se apliquen ser\u00e1n evaluados para conocer el impacto real y rectificar las acciones.<\/p>\n<p>La candidata de la coalici\u00f3n \u201cVa Por Aguascalientes\u201d, Tere Jim\u00e9nez, dio a conocer que su gesti\u00f3n como gobernadora de Aguascalientes se apegar\u00e1 a los principios de eficiencia y ahorro para impulsar obras y acciones de alto impacto social.<\/p>\n<p>Explic\u00f3 que la administraci\u00f3n sufrir\u00e1 modificaciones sustanciales que permitan canalizar recursos a proyectos en beneficio de la ciudadan\u00eda y que se contempla que las pol\u00edticas p\u00fablicas sean siempre respaldadas por un an\u00e1lisis previo de costo-beneficio que justifique cada inversi\u00f3n.<\/p>\n<p>Tere Jim\u00e9nez destac\u00f3 que su intenci\u00f3n responde a la necesidad de tener un gobierno que haga m\u00e1s con menos recursos, respondiendo a la din\u00e1mica global que se vive desde hace algunos a\u00f1os y que obliga a tomar las mejores decisiones para reactivar la econ\u00f3mica local y disminuir el impacto en las finanzas p\u00fablicas.<\/p>\n<p>La Candidata de la Coalici\u00f3n \u201cVa Por Aguascalientes\u201d dijo que el ejercicio de los recursos p\u00fablicos se llevar\u00e1 a cabo de manera abierta y transparente, promoviendo siempre la rendici\u00f3n de cuentas.<\/p>\n<p>Reiter\u00f3 que los programas que se apliquen durante su gesti\u00f3n ser\u00e1n evaluados para conocer el impacto real y rectificar las acciones. La poblaci\u00f3n podr\u00e1 consultar y evaluar los indicadores de cada uno de los proyectos que realice su administraci\u00f3n y conocer c\u00f3mo impactan en el entorno inmediato.<\/p>\n<p>La candidata consider\u00f3 de suma importancia tomar medidas que permitan reactivar el crecimiento de Aguascalientes, sobre todo hoy que la econom\u00eda mundial enfrenta grandes retos.<\/p>\n","protected":false},"excerpt":{"rendered":"<p>&nbsp; #informativoelvalledeaguascalientes , #novaradioaguascalientes \u2022 El ejercicio de los recursos p\u00fablicos se llevar\u00e1 a cabo de manera abierta y transparente, promoviendo siempre la rendici\u00f3n de cuentas. \u2022 Todos los programas que se apliquen ser\u00e1n evaluados para conocer el impacto real y rectificar las acciones. La candidata de la coalici\u00f3n \u201cVa Por Aguascalientes\u201d, Tere Jim\u00e9nez, dio [&hellip;]<\/p>\n","protected":false},"author":1,"featured_media":30188,"comment_status":"closed","ping_status":"open","sticky":false,"template":"","format":"standard","meta":{"advanced_seo_description":"","jetpack_seo_html_title":"","jetpack_seo_noindex":false,"_jetpack_memberships_contains_paid_content":false,"footnotes":"","jetpack_publicize_message":"","jetpack_publicize_feature_enabled":true,"jetpack_social_post_already_shared":true,"jetpack_social_options":{"image_generator_settings":{"template":"highway","default_image_id":0,"font":"","enabled":false},"version":2}},"categories":[21,7],"tags":[22,23,43,320],"class_list":["post-30166","post","type-post","status-publish","format-standard","has-post-thumbnail","hentry","category-aguascalientes","category-pan-aguascalientes","tag-aguascalientes","tag-pan-aguascalientes","tag-pan-aguascalientes-cde","tag-tere-jimenez"],"jetpack_publicize_connections":[],"jetpack_featured_media_url":"https:\/\/i0.wp.com\/informativoelvalledeaguascalientes.online\/wp-content\/uploads\/2022\/04\/fd454b4a-b59e-4de0-a0b4-f4e4f6038d18.jpg?fit=1280%2C853&ssl=1","jetpack-related-posts":[],"jetpack_sharing_enabled":true,"jetpack_likes_enabled":true,"_links":{"self":[{"href":"https:\/\/informativoelvalledeaguascalientes.online\/index.php?rest_route=\/wp\/v2\/posts\/30166","targetHints":{"allow":["GET"]}}],"collection":[{"href":"https:\/\/informativoelvalledeaguascalientes.online\/index.php?rest_route=\/wp\/v2\/posts"}],"about":[{"href":"https:\/\/informativoelvalledeaguascalientes.online\/index.php?rest_route=\/wp\/v2\/types\/post"}],"author":[{"embeddable":true,"href":"https:\/\/informativoelvalledeaguascalientes.online\/index.php?rest_route=\/wp\/v2\/users\/1"}],"replies":[{"embeddable":true,"href":"https:\/\/informativoelvalledeaguascalientes.online\/index.php?rest_route=%2Fwp%2Fv2%2Fcomments&post=30166"}],"version-history":[{"count":1,"href":"https:\/\/informativoelvalledeaguascalientes.online\/index.php?rest_route=\/wp\/v2\/posts\/30166\/revisions"}],"predecessor-version":[{"id":30189,"href":"https:\/\/informativoelvalledeaguascalientes.online\/index.php?rest_route=\/wp\/v2\/posts\/30166\/revisions\/30189"}],"wp:featuredmedia":[{"embeddable":true,"href":"https:\/\/informativoelvalledeaguascalientes.online\/index.php?rest_route=\/wp\/v2\/media\/30188"}],"wp:attachment":[{"href":"https:\/\/informativoelvalledeaguascalientes.online\/index.php?rest_route=%2Fwp%2Fv2%2Fmedia&parent=30166"}],"wp:term":[{"taxonomy":"category","embeddable":true,"href":"https:\/\/informativoelvalledeaguascalientes.online\/index.php?rest_route=%2Fwp%2Fv2%2Fcategories&post=30166"},{"taxonomy":"post_tag","embeddable":true,"href":"https:\/\/informativoelvalledeaguascalientes.online\/index.php?rest_route=%2Fwp%2Fv2%2Ftags&post=30166"}],"curies":[{"name":"wp","href":"https:\/\/api.w.org\/{rel}","templated":true}]}}