{"id":30125,"date":"2022-04-25T14:15:44","date_gmt":"2022-04-25T20:15:44","guid":{"rendered":"https:\/\/informativoelvalledeaguascalientes.online\/?p=30125"},"modified":"2022-04-25T14:15:44","modified_gmt":"2022-04-25T20:15:44","slug":"concluyo-el-21-encuentro-nacional-de-autoridades-de-movilidad","status":"publish","type":"post","link":"https:\/\/informativoelvalledeaguascalientes.online\/?p=30125","title":{"rendered":"CONCLUY\u00d3 EL 21 ENCUENTRO NACIONAL  \u00a0DE AUTORIDADES DE MOVILIDAD"},"content":{"rendered":"<p style=\"font-weight: 400;\"><strong>#informativoelvalledeaguascalientes , #novaradioaguascalientes<br \/>\n<\/strong><\/p>\n<ul>\n<li style=\"font-weight: 400;\"><strong><em>Se sentaron las bases para conformar una agenda com\u00fan que armonice el desarrollo de la Movilidad en todo el pa\u00eds.<\/em><\/strong><\/li>\n<\/ul>\n<p style=\"font-weight: 400;\">\n<p style=\"font-weight: 400;\">Continuidad a las acciones de los proyectos de Movilidad en todo el pa\u00eds y apegados a la nueva Ley Federal de Movilidad, fue la conclusi\u00f3n de los trabajos del 21 Encuentro Nacional de Autoridades de Movilidad que forman parte de la Asociaci\u00f3n Mexicana de Autoridades de Movilidad (AMAM) y que se realiz\u00f3 en Aguascalientes.<\/p>\n<p style=\"font-weight: 400;\">\n<p style=\"font-weight: 400;\">El 21 encuentro nacional cont\u00f3 con la participaci\u00f3n de autoridades nacionales e internacionales tanto de manera presencial como remota, quienes participaron en tem\u00e1ticas de discusi\u00f3n que giraron en torno a las oportunidades y prioridades para el transporte y la movilidad sustentable, innovaci\u00f3n, planeaci\u00f3n urbana y mecanismos de financiamiento para hacer viable los grandes proyectos que tienen que ver con el transporte p\u00fablico en todo el pa\u00eds.<\/p>\n<p style=\"font-weight: 400;\">\n<p style=\"font-weight: 400;\">Se realizaron las ponencias del ABC de la Ley General de Movilidad y Seguridad Vial; Exposici\u00f3n de experiencias internacionales de pol\u00edtica nacional\/federal de transporte, as\u00ed como el Plan de trabajo de Movilidad de SEDATU.<\/p>\n<p style=\"font-weight: 400;\">\n<p style=\"font-weight: 400;\">Tambi\u00e9n se efectu\u00f3 la mesa de trabajo Dise\u00f1ando la pol\u00edtica Federal de Transporte P\u00fablico; as\u00ed como el desarrollo de los temas de Fortalecimiento del financiamiento para el bienestar de las personas usuarias del transporte p\u00fablico; Experiencias locales de transformaci\u00f3n y pol\u00edtica p\u00fablica de movilidad, adem\u00e1s de Impacto econ\u00f3mico de la seguridad vehicular en M\u00e9xico.<\/p>\n<p style=\"font-weight: 400;\">\n<p style=\"font-weight: 400;\">La clausura del evento estuvo a cargo del titular de la Coordinaci\u00f3n General de Movilidad, Ricardo Serrano Rangel, quien agradeci\u00f3 la presencia de los participantes y destac\u00f3 que en el 21 Encuentro Nacional de Autoridades de Movilidad en Aguascalientes, se establecieron y fortalecieron las bases para conformar una agenda com\u00fan que armonice el desarrollo de la Movilidad en todo el pa\u00eds.<\/p>\n<p style=\"font-weight: 400;\">\n<p style=\"font-weight: 400;\">Para concluir, se realiz\u00f3 una visita t\u00e9cnica a la terminal oriente y a las instalaciones del C5, as\u00ed como un recorrido en bicicleta por el Complejo Ferrocarrilero Tres Centurias.<\/p>\n","protected":false},"excerpt":{"rendered":"<p>#informativoelvalledeaguascalientes , #novaradioaguascalientes Se sentaron las bases para conformar una agenda com\u00fan que armonice el desarrollo de la Movilidad en todo el pa\u00eds. Continuidad a las acciones de los proyectos de Movilidad en todo el pa\u00eds y apegados a la nueva Ley Federal de Movilidad, fue la conclusi\u00f3n de los trabajos del 21 Encuentro Nacional [&hellip;]<\/p>\n","protected":false},"author":1,"featured_media":30126,"comment_status":"closed","ping_status":"open","sticky":false,"template":"","format":"standard","meta":{"advanced_seo_description":"","jetpack_seo_html_title":"","jetpack_seo_noindex":false,"_jetpack_memberships_contains_paid_content":false,"footnotes":"","jetpack_publicize_message":"","jetpack_publicize_feature_enabled":true,"jetpack_social_post_already_shared":true,"jetpack_social_options":{"image_generator_settings":{"template":"highway","default_image_id":0,"font":"","enabled":false},"version":2}},"categories":[21,4],"tags":[22,53],"class_list":["post-30125","post","type-post","status-publish","format-standard","has-post-thumbnail","hentry","category-aguascalientes","category-gobierno-del-estado-aguascalientes","tag-aguascalientes","tag-cmov"],"jetpack_publicize_connections":[],"jetpack_featured_media_url":"https:\/\/i0.wp.com\/informativoelvalledeaguascalientes.online\/wp-content\/uploads\/2022\/04\/CONCLUYO-21-ENCUENTRO-DE-AUTORIDADES-DE-MOVILIDAD-4.jpg?fit=1800%2C1200&ssl=1","jetpack-related-posts":[],"jetpack_sharing_enabled":true,"jetpack_likes_enabled":true,"_links":{"self":[{"href":"https:\/\/informativoelvalledeaguascalientes.online\/index.php?rest_route=\/wp\/v2\/posts\/30125","targetHints":{"allow":["GET"]}}],"collection":[{"href":"https:\/\/informativoelvalledeaguascalientes.online\/index.php?rest_route=\/wp\/v2\/posts"}],"about":[{"href":"https:\/\/informativoelvalledeaguascalientes.online\/index.php?rest_route=\/wp\/v2\/types\/post"}],"author":[{"embeddable":true,"href":"https:\/\/informativoelvalledeaguascalientes.online\/index.php?rest_route=\/wp\/v2\/users\/1"}],"replies":[{"embeddable":true,"href":"https:\/\/informativoelvalledeaguascalientes.online\/index.php?rest_route=%2Fwp%2Fv2%2Fcomments&post=30125"}],"version-history":[{"count":1,"href":"https:\/\/informativoelvalledeaguascalientes.online\/index.php?rest_route=\/wp\/v2\/posts\/30125\/revisions"}],"predecessor-version":[{"id":30129,"href":"https:\/\/informativoelvalledeaguascalientes.online\/index.php?rest_route=\/wp\/v2\/posts\/30125\/revisions\/30129"}],"wp:featuredmedia":[{"embeddable":true,"href":"https:\/\/informativoelvalledeaguascalientes.online\/index.php?rest_route=\/wp\/v2\/media\/30126"}],"wp:attachment":[{"href":"https:\/\/informativoelvalledeaguascalientes.online\/index.php?rest_route=%2Fwp%2Fv2%2Fmedia&parent=30125"}],"wp:term":[{"taxonomy":"category","embeddable":true,"href":"https:\/\/informativoelvalledeaguascalientes.online\/index.php?rest_route=%2Fwp%2Fv2%2Fcategories&post=30125"},{"taxonomy":"post_tag","embeddable":true,"href":"https:\/\/informativoelvalledeaguascalientes.online\/index.php?rest_route=%2Fwp%2Fv2%2Ftags&post=30125"}],"curies":[{"name":"wp","href":"https:\/\/api.w.org\/{rel}","templated":true}]}}