{"id":30106,"date":"2022-04-25T13:43:30","date_gmt":"2022-04-25T19:43:30","guid":{"rendered":"https:\/\/informativoelvalledeaguascalientes.online\/?p=30106"},"modified":"2022-04-25T13:43:30","modified_gmt":"2022-04-25T19:43:30","slug":"en-aguascalientes-promoveremos-el-cuidado-y-el-respeto-a-la-vida-animal","status":"publish","type":"post","link":"https:\/\/informativoelvalledeaguascalientes.online\/?p=30106","title":{"rendered":"EN AGUASCALIENTES PROMOVEREMOS EL CUIDADO Y EL RESPETO A LA VIDA ANIMAL"},"content":{"rendered":"<p><strong>#informativoelvalledeaguascalientes , #novaradioaguascalientes<br \/>\n<\/strong><br \/>\nTere Jim\u00e9nez inici\u00f3 este domingo con una caminata familiar. Ni\u00f1os, j\u00f3venes y adultos mayores se reunieron para participar en este evento en el que la candidata de la coalici\u00f3n \u201cVa Por Aguascalientes\u201d aprovech\u00f3 para hacer saber que durante su gesti\u00f3n se promover\u00e1n medidas de cuidado y respeto a la vida animal y se impulsar\u00e1 la adopci\u00f3n de mascotas, con el fin de disminuir el abandono de los animales de compa\u00f1\u00eda. Asimismo, destac\u00f3 que se impulsar\u00e1n programas importantes de cuidado al medio ambiente.<\/p>\n","protected":false},"excerpt":{"rendered":"<p>#informativoelvalledeaguascalientes , #novaradioaguascalientes Tere Jim\u00e9nez inici\u00f3 este domingo con una caminata familiar. Ni\u00f1os, j\u00f3venes y adultos mayores se reunieron para participar en este evento en el que la candidata de la coalici\u00f3n \u201cVa Por Aguascalientes\u201d aprovech\u00f3 para hacer saber que durante su gesti\u00f3n se promover\u00e1n medidas de cuidado y respeto a la vida animal y [&hellip;]<\/p>\n","protected":false},"author":1,"featured_media":30108,"comment_status":"closed","ping_status":"open","sticky":false,"template":"","format":"standard","meta":{"advanced_seo_description":"","jetpack_seo_html_title":"","jetpack_seo_noindex":false,"_jetpack_memberships_contains_paid_content":false,"footnotes":"","jetpack_publicize_message":"","jetpack_publicize_feature_enabled":true,"jetpack_social_post_already_shared":true,"jetpack_social_options":{"image_generator_settings":{"template":"highway","default_image_id":0,"font":"","enabled":false},"version":2}},"categories":[21,7],"tags":[22,43,320],"class_list":["post-30106","post","type-post","status-publish","format-standard","has-post-thumbnail","hentry","category-aguascalientes","category-pan-aguascalientes","tag-aguascalientes","tag-pan-aguascalientes-cde","tag-tere-jimenez"],"jetpack_publicize_connections":[],"jetpack_featured_media_url":"https:\/\/i0.wp.com\/informativoelvalledeaguascalientes.online\/wp-content\/uploads\/2022\/04\/3068fa66-2a38-43e2-8894-8bee8f0990f0.jpg?fit=1066%2C1600&ssl=1","jetpack-related-posts":[],"jetpack_sharing_enabled":true,"jetpack_likes_enabled":true,"_links":{"self":[{"href":"https:\/\/informativoelvalledeaguascalientes.online\/index.php?rest_route=\/wp\/v2\/posts\/30106","targetHints":{"allow":["GET"]}}],"collection":[{"href":"https:\/\/informativoelvalledeaguascalientes.online\/index.php?rest_route=\/wp\/v2\/posts"}],"about":[{"href":"https:\/\/informativoelvalledeaguascalientes.online\/index.php?rest_route=\/wp\/v2\/types\/post"}],"author":[{"embeddable":true,"href":"https:\/\/informativoelvalledeaguascalientes.online\/index.php?rest_route=\/wp\/v2\/users\/1"}],"replies":[{"embeddable":true,"href":"https:\/\/informativoelvalledeaguascalientes.online\/index.php?rest_route=%2Fwp%2Fv2%2Fcomments&post=30106"}],"version-history":[{"count":1,"href":"https:\/\/informativoelvalledeaguascalientes.online\/index.php?rest_route=\/wp\/v2\/posts\/30106\/revisions"}],"predecessor-version":[{"id":30109,"href":"https:\/\/informativoelvalledeaguascalientes.online\/index.php?rest_route=\/wp\/v2\/posts\/30106\/revisions\/30109"}],"wp:featuredmedia":[{"embeddable":true,"href":"https:\/\/informativoelvalledeaguascalientes.online\/index.php?rest_route=\/wp\/v2\/media\/30108"}],"wp:attachment":[{"href":"https:\/\/informativoelvalledeaguascalientes.online\/index.php?rest_route=%2Fwp%2Fv2%2Fmedia&parent=30106"}],"wp:term":[{"taxonomy":"category","embeddable":true,"href":"https:\/\/informativoelvalledeaguascalientes.online\/index.php?rest_route=%2Fwp%2Fv2%2Fcategories&post=30106"},{"taxonomy":"post_tag","embeddable":true,"href":"https:\/\/informativoelvalledeaguascalientes.online\/index.php?rest_route=%2Fwp%2Fv2%2Ftags&post=30106"}],"curies":[{"name":"wp","href":"https:\/\/api.w.org\/{rel}","templated":true}]}}