{"id":30096,"date":"2022-04-24T21:29:17","date_gmt":"2022-04-25T03:29:17","guid":{"rendered":"https:\/\/informativoelvalledeaguascalientes.online\/?p=30096"},"modified":"2022-04-24T21:29:17","modified_gmt":"2022-04-25T03:29:17","slug":"celebra-municipio-el-dia-mundial-del-libro-y-del-derecho-de-autor-en-el-corredor-cultural-de-la-fnsm","status":"publish","type":"post","link":"https:\/\/informativoelvalledeaguascalientes.online\/?p=30096","title":{"rendered":"CELEBRA MUNICIPIO EL D\u00cdA MUNDIAL DEL LIBRO Y DEL DERECHO DE AUTOR EN EL CORREDOR CULTURAL DE LA FNSM"},"content":{"rendered":"<p><strong>#informativoelvalledeaguascalientes , #novaradioaguascalientes<\/strong><\/p>\n<ul>\n<li><strong>En el Corredor Cultural Carranza se llevan a cabo actividades educativas y recreativas para ni\u00f1as y ni\u00f1os<\/strong><\/li>\n<\/ul>\n<p>El Instituto Municipal Aguascalentense para la Cultura (IMAC), invita a los talleres y actividades de fomento a la lectura que se realizan todos los d\u00edas en el Corredor Cultural Carranza, durante la Feria Nacional de San Marcos.<\/p>\n<p>Este s\u00e1bado 23 de abril, con motivo del D\u00eda Mundial del Libro y del Derecho de Autor, ni\u00f1as y ni\u00f1os elaborar\u00e1n un peque\u00f1o juguete, mientras las personas adultas, pap\u00e1s o mam\u00e1s, que asistan, apoyar\u00e1n con la lectura de textos para complementar la din\u00e1mica.<\/p>\n<p>El D\u00eda Mundial del Libro y del Derecho de Autor, fue proclamado por la Conferencia General de la UNESCO en 1995, rinde homenaje a los libros y a los autores y fomenta el acceso a la lectura para el mayor n\u00famero posible de personas.<\/p>\n<p>Estas actividades son de suma importancia porque impulsan la creatividad, la diversidad y la igualdad de acceso al conocimiento, la promoci\u00f3n de la alfabetizaci\u00f3n, el aprendizaje m\u00f3vil y el libre acceso a los contenidos cient\u00edficos y los recursos educativos.<\/p>\n<p>Las actividades de fomento a la lectura se desarrollan todos los d\u00edas de 16:30 a 18:30 horas, en la carpa Vuela Palabra, ubicada al inicio del Corredor, en Venustiano Carranza, esquina con Galeana.<\/p>\n","protected":false},"excerpt":{"rendered":"<p>#informativoelvalledeaguascalientes , #novaradioaguascalientes En el Corredor Cultural Carranza se llevan a cabo actividades educativas y recreativas para ni\u00f1as y ni\u00f1os El Instituto Municipal Aguascalentense para la Cultura (IMAC), invita a los talleres y actividades de fomento a la lectura que se realizan todos los d\u00edas en el Corredor Cultural Carranza, durante la Feria Nacional de [&hellip;]<\/p>\n","protected":false},"author":1,"featured_media":30100,"comment_status":"closed","ping_status":"open","sticky":false,"template":"","format":"standard","meta":{"advanced_seo_description":"","jetpack_seo_html_title":"","jetpack_seo_noindex":false,"_jetpack_memberships_contains_paid_content":false,"footnotes":"","jetpack_publicize_message":"","jetpack_publicize_feature_enabled":true,"jetpack_social_post_already_shared":true,"jetpack_social_options":{"image_generator_settings":{"template":"highway","default_image_id":0,"font":"","enabled":false},"version":2}},"categories":[21,3],"tags":[22,25,118],"class_list":["post-30096","post","type-post","status-publish","format-standard","has-post-thumbnail","hentry","category-aguascalientes","category-municipio-aguascalientes","tag-aguascalientes","tag-mpio-aguascalientes","tag-mpio-aguascalientes-imac"],"jetpack_publicize_connections":[],"jetpack_featured_media_url":"https:\/\/i0.wp.com\/informativoelvalledeaguascalientes.online\/wp-content\/uploads\/2022\/04\/WhatsApp-Image-2022-04-22-at-12.59.27-PM.jpeg?fit=1600%2C1066&ssl=1","jetpack-related-posts":[],"jetpack_sharing_enabled":true,"jetpack_likes_enabled":true,"_links":{"self":[{"href":"https:\/\/informativoelvalledeaguascalientes.online\/index.php?rest_route=\/wp\/v2\/posts\/30096","targetHints":{"allow":["GET"]}}],"collection":[{"href":"https:\/\/informativoelvalledeaguascalientes.online\/index.php?rest_route=\/wp\/v2\/posts"}],"about":[{"href":"https:\/\/informativoelvalledeaguascalientes.online\/index.php?rest_route=\/wp\/v2\/types\/post"}],"author":[{"embeddable":true,"href":"https:\/\/informativoelvalledeaguascalientes.online\/index.php?rest_route=\/wp\/v2\/users\/1"}],"replies":[{"embeddable":true,"href":"https:\/\/informativoelvalledeaguascalientes.online\/index.php?rest_route=%2Fwp%2Fv2%2Fcomments&post=30096"}],"version-history":[{"count":1,"href":"https:\/\/informativoelvalledeaguascalientes.online\/index.php?rest_route=\/wp\/v2\/posts\/30096\/revisions"}],"predecessor-version":[{"id":30101,"href":"https:\/\/informativoelvalledeaguascalientes.online\/index.php?rest_route=\/wp\/v2\/posts\/30096\/revisions\/30101"}],"wp:featuredmedia":[{"embeddable":true,"href":"https:\/\/informativoelvalledeaguascalientes.online\/index.php?rest_route=\/wp\/v2\/media\/30100"}],"wp:attachment":[{"href":"https:\/\/informativoelvalledeaguascalientes.online\/index.php?rest_route=%2Fwp%2Fv2%2Fmedia&parent=30096"}],"wp:term":[{"taxonomy":"category","embeddable":true,"href":"https:\/\/informativoelvalledeaguascalientes.online\/index.php?rest_route=%2Fwp%2Fv2%2Fcategories&post=30096"},{"taxonomy":"post_tag","embeddable":true,"href":"https:\/\/informativoelvalledeaguascalientes.online\/index.php?rest_route=%2Fwp%2Fv2%2Ftags&post=30096"}],"curies":[{"name":"wp","href":"https:\/\/api.w.org\/{rel}","templated":true}]}}