{"id":30089,"date":"2022-04-24T21:24:32","date_gmt":"2022-04-25T03:24:32","guid":{"rendered":"https:\/\/informativoelvalledeaguascalientes.online\/?p=30089"},"modified":"2022-04-24T21:24:32","modified_gmt":"2022-04-25T03:24:32","slug":"impulsaremos-el-programa-de-reforestacion-mas-grande-de-la-historia-tere-jimenez","status":"publish","type":"post","link":"https:\/\/informativoelvalledeaguascalientes.online\/?p=30089","title":{"rendered":"\u201cIMPULSAREMOS EL PROGRAMA DE REFORESTACI\u00d3N M\u00c1S GRANDE DE LA HISTORIA\u201d: TERE JIM\u00c9NEZ"},"content":{"rendered":"<p><strong>#informativoelvalledeaguascalientes , #novaradioaguascalientes<br \/>\n<\/strong><\/p>\n<p>\u2022 Se consolidar\u00e1 la Procuradur\u00eda de Desarrollo Urbano y del Medio Ambiente<br \/>\n\u2022 Se crear\u00e1 el Sistema de \u00c1reas Naturales Protegidas<\/p>\n<p>La candidata de la coalici\u00f3n \u201cVa por Aguascalientes\u201d, Tere Jim\u00e9nez, present\u00f3 su propuesta de acci\u00f3n para el cuidado del medio ambiente, un tema que ser\u00e1 de gran relevancia durante su gesti\u00f3n y que contempla medidas transversales con un impacto positivo para todos.<\/p>\n<p>Actualmente la capital del estado y otras \u00e1reas urbanas presentan una temperatura dos grados cent\u00edgrados m\u00e1s alta que las zonas rurales, lo que se debe a la falta de \u00e1rboles. Adicionalmente, nuestro estado tuvo un incremento t\u00e9rmico de casi un grado en los \u00faltimos diez a\u00f1os, lo que nos obliga a tomar medidas de acuerdo al Desarrollo Sostenible que marca la ONU en su Agenda 2030. As\u00ed lo explic\u00f3 Tere Jim\u00e9nez.<\/p>\n<p>Partiendo de esta situaci\u00f3n, su plan de gobierno incluye importantes propuestas, como el programa de reforestaci\u00f3n que tendr\u00e1 mayor impacto en la historia de Aguascalientes, con especies nativas de la regi\u00f3n, lo cual garantice la sobrevivencia de los \u00e1rboles plantados.<\/p>\n<p>Se consolidar\u00e1 la Procuradur\u00eda de Desarrollo Urbano y del Medio Ambiente que promover\u00e1 el crecimiento ordenado, el respeto y cuidado de la biodiversidad en las zonas con proyectos de obra p\u00fablica que promueva su administraci\u00f3n.<\/p>\n<p>Se crear\u00e1 el Sistema de \u00c1reas Naturales Protegidas que blindar\u00e1 el 25 por ciento del territorio estatal, preservando puntos como el Cerro del Muerto, la Sierra Fr\u00eda, El Tecolote, el Bosque de Cobos-Parga, entre otras zonas.<\/p>\n<p>Adem\u00e1s, el R\u00edo San Pedro pasar\u00e1 a ser un espacio de integraci\u00f3n en beneficio de las familias de Aguascalientes, y se construir\u00e1n centros de separaci\u00f3n y reciclaje de Residuos S\u00f3lidos Urbanos (RSU) en todo el Estado.<\/p>\n<p>Tere Jim\u00e9nez se\u00f1al\u00f3, finalmente, que durante su gesti\u00f3n tambi\u00e9n se tomar\u00e1n medidas importantes respecto al cuidado del agua, porque pensar en proteger el medio ambiente es un compromiso que debemos asumir con las futuras generaciones de Aguascalientes.<\/p>\n","protected":false},"excerpt":{"rendered":"<p>#informativoelvalledeaguascalientes , #novaradioaguascalientes \u2022 Se consolidar\u00e1 la Procuradur\u00eda de Desarrollo Urbano y del Medio Ambiente \u2022 Se crear\u00e1 el Sistema de \u00c1reas Naturales Protegidas La candidata de la coalici\u00f3n \u201cVa por Aguascalientes\u201d, Tere Jim\u00e9nez, present\u00f3 su propuesta de acci\u00f3n para el cuidado del medio ambiente, un tema que ser\u00e1 de gran relevancia durante su gesti\u00f3n [&hellip;]<\/p>\n","protected":false},"author":1,"featured_media":30091,"comment_status":"closed","ping_status":"open","sticky":false,"template":"","format":"standard","meta":{"advanced_seo_description":"","jetpack_seo_html_title":"","jetpack_seo_noindex":false,"_jetpack_memberships_contains_paid_content":false,"footnotes":"","jetpack_publicize_message":"","jetpack_publicize_feature_enabled":true,"jetpack_social_post_already_shared":true,"jetpack_social_options":{"image_generator_settings":{"template":"highway","default_image_id":0,"font":"","enabled":false},"version":2}},"categories":[21,7],"tags":[22,23,43,320],"class_list":["post-30089","post","type-post","status-publish","format-standard","has-post-thumbnail","hentry","category-aguascalientes","category-pan-aguascalientes","tag-aguascalientes","tag-pan-aguascalientes","tag-pan-aguascalientes-cde","tag-tere-jimenez"],"jetpack_publicize_connections":[],"jetpack_featured_media_url":"https:\/\/i0.wp.com\/informativoelvalledeaguascalientes.online\/wp-content\/uploads\/2022\/04\/6693e410-d244-42b0-8bd8-1aefba2d3c2e.jpg?fit=853%2C1280&ssl=1","jetpack-related-posts":[],"jetpack_sharing_enabled":true,"jetpack_likes_enabled":true,"_links":{"self":[{"href":"https:\/\/informativoelvalledeaguascalientes.online\/index.php?rest_route=\/wp\/v2\/posts\/30089","targetHints":{"allow":["GET"]}}],"collection":[{"href":"https:\/\/informativoelvalledeaguascalientes.online\/index.php?rest_route=\/wp\/v2\/posts"}],"about":[{"href":"https:\/\/informativoelvalledeaguascalientes.online\/index.php?rest_route=\/wp\/v2\/types\/post"}],"author":[{"embeddable":true,"href":"https:\/\/informativoelvalledeaguascalientes.online\/index.php?rest_route=\/wp\/v2\/users\/1"}],"replies":[{"embeddable":true,"href":"https:\/\/informativoelvalledeaguascalientes.online\/index.php?rest_route=%2Fwp%2Fv2%2Fcomments&post=30089"}],"version-history":[{"count":1,"href":"https:\/\/informativoelvalledeaguascalientes.online\/index.php?rest_route=\/wp\/v2\/posts\/30089\/revisions"}],"predecessor-version":[{"id":30094,"href":"https:\/\/informativoelvalledeaguascalientes.online\/index.php?rest_route=\/wp\/v2\/posts\/30089\/revisions\/30094"}],"wp:featuredmedia":[{"embeddable":true,"href":"https:\/\/informativoelvalledeaguascalientes.online\/index.php?rest_route=\/wp\/v2\/media\/30091"}],"wp:attachment":[{"href":"https:\/\/informativoelvalledeaguascalientes.online\/index.php?rest_route=%2Fwp%2Fv2%2Fmedia&parent=30089"}],"wp:term":[{"taxonomy":"category","embeddable":true,"href":"https:\/\/informativoelvalledeaguascalientes.online\/index.php?rest_route=%2Fwp%2Fv2%2Fcategories&post=30089"},{"taxonomy":"post_tag","embeddable":true,"href":"https:\/\/informativoelvalledeaguascalientes.online\/index.php?rest_route=%2Fwp%2Fv2%2Ftags&post=30089"}],"curies":[{"name":"wp","href":"https:\/\/api.w.org\/{rel}","templated":true}]}}