{"id":30083,"date":"2022-04-24T21:16:54","date_gmt":"2022-04-25T03:16:54","guid":{"rendered":"https:\/\/informativoelvalledeaguascalientes.online\/?p=30083"},"modified":"2022-04-24T21:16:54","modified_gmt":"2022-04-25T03:16:54","slug":"anuncia-tere-jimenez-la-creacion-de-la-linea-3-renovando-el-transporte-publico","status":"publish","type":"post","link":"https:\/\/informativoelvalledeaguascalientes.online\/?p=30083","title":{"rendered":"ANUNCIA TERE JIM\u00c9NEZ LA CREACI\u00d3N DE LA L\u00cdNEA 3, RENOVANDO EL TRANSPORTE P\u00daBLICO."},"content":{"rendered":"<p><strong>#informativoelvalledeaguascalientes , #novaradioaguascalientes<br \/>\n<\/strong><br \/>\n* Mediante un sistema de transporte articulado se sustituir\u00e1 la ruta 50 del transporte p\u00fablico.<\/p>\n<p>* Esta modalidad tambi\u00e9n har\u00e1 que los recorridos se realicen de manera c\u00f3moda y segura, reduciendo costos y tiempos de traslado.<\/p>\n<p>La candidata de la coalici\u00f3n \u201cVa por Aguascalientes\u201d Tere Jim\u00e9nez, visit\u00f3 el Oriente de la capital.<\/p>\n<p>Frente a las familias que se reunieron para escuchar su mensaje, anunci\u00f3 la entrada en operaci\u00f3n de la \u201cL\u00ednea 3\u201d, sistema articulado de transporte con el que se renovar\u00e1 totalmente la operaci\u00f3n de este servicio.<\/p>\n<p>\u201cTercer Anillo tendr\u00e1 un sistema de transporte articulado que contar\u00e1 con un carril confinado, con mayor capacidad de pasajeros por unidad que sustituir\u00e1 a la ruta 50\u201d, se\u00f1al\u00f3.<\/p>\n<p>As\u00ed por primera vez en la historia de la ciudad, operar\u00e1 este sistema que proyecta disminuir los tiempos de traslado, evitar el hacinamiento en horas pico y fomentar un transporte c\u00f3modo y seguro, sustituyendo a la ruta 50, que es actualmente la m\u00e1s utilizada, ya que todos los d\u00edas traslada a cerca de 24 mil pasajeros.<\/p>\n<p>Adicionalmente entrar\u00e1n en operaci\u00f3n rutas sociales que con una cuota m\u00ednima trasladar\u00e1n a los usuarios de la periferia, a las estaciones y paradas que ser\u00e1n distribuidas estrat\u00e9gicamente de acuerdo a la demanda de cada zona. Con ello, la ciudadan\u00eda de la parte oriente de la capital tendr\u00e1 la comodidad de acceder a servicios de traslado m\u00e1s cercanos a su hogar.<\/p>\n<p>Pensando en las personas con alguna discapacidad o adultos mayores, se instalar\u00e1n estaciones especiales que les ayuden a tener un abordaje m\u00e1s c\u00f3modo y seguro; adem\u00e1s, el transporte p\u00fablico contar\u00e1 con las adecuaciones necesarias que les permitan utilizar el servicio f\u00e1cilmente.<\/p>\n<p>\u201cAguascalientes tendr\u00e1 un transporte p\u00fablico incluyente.<br \/>\nHabr\u00e1 estaciones a nivel de acceso al autob\u00fas para hacerlo accesible para personas con discapacidad y adultos mayores\u201d.<\/p>\n<p>A los vecinos de la zona les hizo saber que habr\u00e1 diversos proyectos que mejoren su calidad de vida; Tere Jim\u00e9nez record\u00f3 que su Plan de Gobierno proyecta el rescate Integral de Tercer anillo con concreto hidr\u00e1ulico, construyendo adem\u00e1s distribuidores viales y rehabilitando se\u00f1alamientos y alumbrado p\u00fablico.<\/p>\n<p>La obra beneficiar\u00eda a los conductores y choferes de 48 rutas que a diario atraviesan el Tercer Anillo, adem\u00e1s de pobladores de la periferia.<\/p>\n<p>Reiter\u00f3 que su administraci\u00f3n velar\u00e1 por generar condiciones que permitan el pleno desarrollo de los habitantes de todo Aguascalientes.<\/p>\n","protected":false},"excerpt":{"rendered":"<p>#informativoelvalledeaguascalientes , #novaradioaguascalientes * Mediante un sistema de transporte articulado se sustituir\u00e1 la ruta 50 del transporte p\u00fablico. * Esta modalidad tambi\u00e9n har\u00e1 que los recorridos se realicen de manera c\u00f3moda y segura, reduciendo costos y tiempos de traslado. La candidata de la coalici\u00f3n \u201cVa por Aguascalientes\u201d Tere Jim\u00e9nez, visit\u00f3 el Oriente de la capital. [&hellip;]<\/p>\n","protected":false},"author":1,"featured_media":30084,"comment_status":"closed","ping_status":"open","sticky":false,"template":"","format":"standard","meta":{"advanced_seo_description":"","jetpack_seo_html_title":"","jetpack_seo_noindex":false,"_jetpack_memberships_contains_paid_content":false,"footnotes":"","jetpack_publicize_message":"","jetpack_publicize_feature_enabled":true,"jetpack_social_post_already_shared":true,"jetpack_social_options":{"image_generator_settings":{"template":"highway","default_image_id":0,"font":"","enabled":false},"version":2}},"categories":[21,7],"tags":[22,23,43,320],"class_list":["post-30083","post","type-post","status-publish","format-standard","has-post-thumbnail","hentry","category-aguascalientes","category-pan-aguascalientes","tag-aguascalientes","tag-pan-aguascalientes","tag-pan-aguascalientes-cde","tag-tere-jimenez"],"jetpack_publicize_connections":[],"jetpack_featured_media_url":"https:\/\/i0.wp.com\/informativoelvalledeaguascalientes.online\/wp-content\/uploads\/2022\/04\/bacc6e23-d2ae-4a39-88fb-49e3063e408b.jpg?fit=1280%2C852&ssl=1","jetpack-related-posts":[],"jetpack_sharing_enabled":true,"jetpack_likes_enabled":true,"_links":{"self":[{"href":"https:\/\/informativoelvalledeaguascalientes.online\/index.php?rest_route=\/wp\/v2\/posts\/30083","targetHints":{"allow":["GET"]}}],"collection":[{"href":"https:\/\/informativoelvalledeaguascalientes.online\/index.php?rest_route=\/wp\/v2\/posts"}],"about":[{"href":"https:\/\/informativoelvalledeaguascalientes.online\/index.php?rest_route=\/wp\/v2\/types\/post"}],"author":[{"embeddable":true,"href":"https:\/\/informativoelvalledeaguascalientes.online\/index.php?rest_route=\/wp\/v2\/users\/1"}],"replies":[{"embeddable":true,"href":"https:\/\/informativoelvalledeaguascalientes.online\/index.php?rest_route=%2Fwp%2Fv2%2Fcomments&post=30083"}],"version-history":[{"count":1,"href":"https:\/\/informativoelvalledeaguascalientes.online\/index.php?rest_route=\/wp\/v2\/posts\/30083\/revisions"}],"predecessor-version":[{"id":30085,"href":"https:\/\/informativoelvalledeaguascalientes.online\/index.php?rest_route=\/wp\/v2\/posts\/30083\/revisions\/30085"}],"wp:featuredmedia":[{"embeddable":true,"href":"https:\/\/informativoelvalledeaguascalientes.online\/index.php?rest_route=\/wp\/v2\/media\/30084"}],"wp:attachment":[{"href":"https:\/\/informativoelvalledeaguascalientes.online\/index.php?rest_route=%2Fwp%2Fv2%2Fmedia&parent=30083"}],"wp:term":[{"taxonomy":"category","embeddable":true,"href":"https:\/\/informativoelvalledeaguascalientes.online\/index.php?rest_route=%2Fwp%2Fv2%2Fcategories&post=30083"},{"taxonomy":"post_tag","embeddable":true,"href":"https:\/\/informativoelvalledeaguascalientes.online\/index.php?rest_route=%2Fwp%2Fv2%2Ftags&post=30083"}],"curies":[{"name":"wp","href":"https:\/\/api.w.org\/{rel}","templated":true}]}}