{"id":29970,"date":"2022-04-21T15:15:30","date_gmt":"2022-04-21T21:15:30","guid":{"rendered":"https:\/\/informativoelvalledeaguascalientes.online\/?p=29970"},"modified":"2022-04-21T15:15:30","modified_gmt":"2022-04-21T21:15:30","slug":"comision-de-recursos-hidraulicos-del-congreso-de-aguascalientes-aborda-con-experto-diagnostico-de-abasto-de-agua","status":"publish","type":"post","link":"https:\/\/informativoelvalledeaguascalientes.online\/?p=29970","title":{"rendered":"COMISI\u00d3N DE RECURSOS HIDR\u00c1ULICOS DEL CONGRESO DE AGUASCALIENTES ABORDA CON EXPERTO DIAGN\u00d3STICO DE ABASTO DE AGUA"},"content":{"rendered":"<p><strong>#informativoelvalledeaguascalientes , #novaradioaguascalientes<br \/>\n<\/strong><\/p>\n<p>El diputado Juanjo Hern\u00e1ndez, presidente de la Comisi\u00f3n de Recursos Hidr\u00e1ulicos de la LXV Legislatura, de manera conjunta con las y los integrantes Alma Hilda Medina, Emanuelle S\u00e1nchez N\u00e1jera y Max Ram\u00edrez, sostuvieron una reuni\u00f3n de trabajo con el especialista en materia H\u00eddrica, Sa\u00fal Alejandro Flores, quien les expuso un diagn\u00f3stico puntual sobre la calidad del agua, problem\u00e1tica y acciones a seguir en nuestra entidad.<\/p>\n<p>&nbsp;<\/p>\n<p>El especialista present\u00f3 una ponencia denominada \u201cArquitectura Institucional del Agua\u201d, donde destac\u00f3 que la panor\u00e1mica del agua en Aguascalientes es la siguiente:<\/p>\n<p>&nbsp;<\/p>\n<ul>\n<li>Calidad del agua, puede haber cantidad, pero la calidad en cuerpos superficiales (lagos, r\u00edos, o subterr\u00e1neos acu\u00edferos) puede ser fr\u00e1gil respecto a par\u00e1metros de norma.<\/li>\n<\/ul>\n<p>&nbsp;<\/p>\n<ul>\n<li>Deficiente calidad de los servicios de agua potable, alcantarillado y saneamiento.<\/li>\n<\/ul>\n<p>&nbsp;<\/p>\n<ul>\n<li>Insuficiente sustentabilidad de los servicios.<\/li>\n<\/ul>\n<p>&nbsp;<\/p>\n<ul>\n<li>Ausencia de pol\u00edtica regulatoria en la prestaci\u00f3n de los servicios que brinde equilibrio entre prestador y usuarios.<\/li>\n<\/ul>\n<p>&nbsp;<\/p>\n<ul>\n<li>Marco reglamentario obsoleto para lo presente y futuro.<\/li>\n<\/ul>\n<p>&nbsp;<\/p>\n<p>El especialista a\u00f1adi\u00f3 que la problem\u00e1tica del agua recae en los siguientes aspectos:<\/p>\n<p>&nbsp;<\/p>\n<ul>\n<li>Baja participaci\u00f3n de usuarios de agua que impacte positivamente en las decisiones dentro del organismo operador y en la pol\u00edtica hidr\u00edca municipal.<\/li>\n<\/ul>\n<p>&nbsp;<\/p>\n<ul>\n<li>Baja capacidad institucional para el manejo de conflictos por las aguas regionales y locales.<\/li>\n<li>Incipiente pol\u00edtica h\u00eddrica en la gesti\u00f3n y administraci\u00f3n del agua.<\/li>\n<\/ul>\n<p>&nbsp;<\/p>\n<ul>\n<li>Ausencia de planeaci\u00f3n y programaci\u00f3n h\u00eddrica.<\/li>\n<\/ul>\n<p>&nbsp;<\/p>\n<ul>\n<li>Carencia de automatizaci\u00f3n de los diversos procesos que conforman la funci\u00f3n de un organismo operador.<\/li>\n<\/ul>\n<p>&nbsp;<\/p>\n<p>&nbsp;<\/p>\n<p>Una vez expuesta la panor\u00e1mica general sobre las problem\u00e1ticas del agua en entidad, Sa\u00fal Flores, present\u00f3 algunas acciones a implementar como son:<\/p>\n<p>&nbsp;<\/p>\n<ul>\n<li>Dise\u00f1ar un nuevo marco jur\u00eddico y reglamentario que atienda los problemas presentes y genere condiciones de atenci\u00f3n a problemas futuros.<\/li>\n<\/ul>\n<p>&nbsp;<\/p>\n<ul>\n<li>Dise\u00f1ar e implementar un modelo de gesti\u00f3n del recurso agua, (sistema estatal del agua son subsistemas financieros, informaci\u00f3n y planeaci\u00f3n).<\/li>\n<\/ul>\n<p>&nbsp;<\/p>\n<ul>\n<li>Implementar la pol\u00edtica y mecanismos regulatorios en la prestaci\u00f3n de los servicios de agua potable y saneamiento.<\/li>\n<\/ul>\n<p>&nbsp;<\/p>\n<ul>\n<li>Conocer la huella h\u00eddrica en la entidad, consumo de agua m\u00e1s all\u00e1 de lo palpable como es el consumo directo y perceptible por cada ciudadano.<\/li>\n<\/ul>\n<p>&nbsp;<\/p>\n<ul>\n<li>Generar una pol\u00edtica y bases para la transici\u00f3n del titulo de concesi\u00f3n a otras modalidades mixtas o sociales; entre otros aspectos.<\/li>\n<\/ul>\n<p>&nbsp;<\/p>\n<p>&nbsp;<\/p>\n<p>Finalmente, Juanjo Hern\u00e1ndez, agradeci\u00f3 la participaci\u00f3n del especialista, al tiempo que expuso que compartir su amplia experiencia en el tema del vital l\u00edquido, es de suma importancia para que las y los integrantes de la comisi\u00f3n generen mecanismos adecuados para mejorar el marco jur\u00eddico a la Ley de Agua del Estado.<\/p>\n<p>&nbsp;<\/p>\n<p>&nbsp;<\/p>\n","protected":false},"excerpt":{"rendered":"<p>#informativoelvalledeaguascalientes , #novaradioaguascalientes El diputado Juanjo Hern\u00e1ndez, presidente de la Comisi\u00f3n de Recursos Hidr\u00e1ulicos de la LXV Legislatura, de manera conjunta con las y los integrantes Alma Hilda Medina, Emanuelle S\u00e1nchez N\u00e1jera y Max Ram\u00edrez, sostuvieron una reuni\u00f3n de trabajo con el especialista en materia H\u00eddrica, Sa\u00fal Alejandro Flores, quien les expuso un diagn\u00f3stico puntual [&hellip;]<\/p>\n","protected":false},"author":1,"featured_media":29973,"comment_status":"closed","ping_status":"open","sticky":false,"template":"","format":"standard","meta":{"advanced_seo_description":"","jetpack_seo_html_title":"","jetpack_seo_noindex":false,"_jetpack_memberships_contains_paid_content":false,"footnotes":"","jetpack_publicize_message":"","jetpack_publicize_feature_enabled":true,"jetpack_social_post_already_shared":true,"jetpack_social_options":{"image_generator_settings":{"template":"highway","default_image_id":0,"font":"","enabled":false},"version":2}},"categories":[21,5],"tags":[22,520],"class_list":["post-29970","post","type-post","status-publish","format-standard","has-post-thumbnail","hentry","category-aguascalientes","category-h-congreso-del-estado-aguascalientes","tag-aguascalientes","tag-lxv-legislatura-aguascalientes"],"jetpack_publicize_connections":[],"jetpack_featured_media_url":"https:\/\/i0.wp.com\/informativoelvalledeaguascalientes.online\/wp-content\/uploads\/2022\/04\/DSC_2298.jpg?fit=944%2C568&ssl=1","jetpack-related-posts":[],"jetpack_sharing_enabled":true,"jetpack_likes_enabled":true,"_links":{"self":[{"href":"https:\/\/informativoelvalledeaguascalientes.online\/index.php?rest_route=\/wp\/v2\/posts\/29970","targetHints":{"allow":["GET"]}}],"collection":[{"href":"https:\/\/informativoelvalledeaguascalientes.online\/index.php?rest_route=\/wp\/v2\/posts"}],"about":[{"href":"https:\/\/informativoelvalledeaguascalientes.online\/index.php?rest_route=\/wp\/v2\/types\/post"}],"author":[{"embeddable":true,"href":"https:\/\/informativoelvalledeaguascalientes.online\/index.php?rest_route=\/wp\/v2\/users\/1"}],"replies":[{"embeddable":true,"href":"https:\/\/informativoelvalledeaguascalientes.online\/index.php?rest_route=%2Fwp%2Fv2%2Fcomments&post=29970"}],"version-history":[{"count":1,"href":"https:\/\/informativoelvalledeaguascalientes.online\/index.php?rest_route=\/wp\/v2\/posts\/29970\/revisions"}],"predecessor-version":[{"id":29974,"href":"https:\/\/informativoelvalledeaguascalientes.online\/index.php?rest_route=\/wp\/v2\/posts\/29970\/revisions\/29974"}],"wp:featuredmedia":[{"embeddable":true,"href":"https:\/\/informativoelvalledeaguascalientes.online\/index.php?rest_route=\/wp\/v2\/media\/29973"}],"wp:attachment":[{"href":"https:\/\/informativoelvalledeaguascalientes.online\/index.php?rest_route=%2Fwp%2Fv2%2Fmedia&parent=29970"}],"wp:term":[{"taxonomy":"category","embeddable":true,"href":"https:\/\/informativoelvalledeaguascalientes.online\/index.php?rest_route=%2Fwp%2Fv2%2Fcategories&post=29970"},{"taxonomy":"post_tag","embeddable":true,"href":"https:\/\/informativoelvalledeaguascalientes.online\/index.php?rest_route=%2Fwp%2Fv2%2Ftags&post=29970"}],"curies":[{"name":"wp","href":"https:\/\/api.w.org\/{rel}","templated":true}]}}