{"id":29958,"date":"2022-04-21T15:05:21","date_gmt":"2022-04-21T21:05:21","guid":{"rendered":"https:\/\/informativoelvalledeaguascalientes.online\/?p=29958"},"modified":"2022-04-21T15:05:21","modified_gmt":"2022-04-21T21:05:21","slug":"construiremos-infraestructura-que-fomente-el-desplazamiento-seguro-de-ciclistas-tere-jimenez","status":"publish","type":"post","link":"https:\/\/informativoelvalledeaguascalientes.online\/?p=29958","title":{"rendered":"CONSTRUIREMOS INFRAESTRUCTURA QUE FOMENTE EL DESPLAZAMIENTO SEGURO DE CICLISTAS: TERE JIM\u00c9NEZ."},"content":{"rendered":"<p><strong>#informativoelvalledeaguascalientes , #novaradioaguascalientes<br \/>\n<\/strong><\/p>\n<p>Tere Jim\u00e9nez particip\u00f3 en una rodada ciclista en la que respald\u00f3 a las asociaciones que por a\u00f1os se han dedicado a promover el uso de la bicicleta.<\/p>\n<p>La candidata de la alianza \u201cVa por Aguascalientes\u201d les hizo saber que su gesti\u00f3n pugnar\u00e1 por la creaci\u00f3n de m\u00e1s ciclov\u00edas que permitan el traslado seguro de los ciclistas, sobre todo en la zona metropolitana, pues en 1 de cada 4 hogares, los miembros de la familia utilizan la bicicleta como medio de transporte.<\/p>\n<p>Es as\u00ed que durante su gesti\u00f3n se consolidar\u00e1 la construcci\u00f3n de un anillo perif\u00e9rico que habr\u00e1 de sumarse a los 40 kil\u00f3metros de ciclov\u00edas que actualmente existen.<\/p>\n<p>A\u00f1adi\u00f3 que la bicicleta adem\u00e1s de ser un transporte amigable con el medio ambiente, promueve la activaci\u00f3n f\u00edsica y que es a trav\u00e9s de la cultura y el deporte como se pueden prevenir otras problem\u00e1ticas sociales, por lo que habr\u00e1 un impulso especial para consolidar infraestructura sensible a las necesidades de todos los sectores de la poblaci\u00f3n.<\/p>\n<p>\u201cAguascalientes ser\u00e1 un Estado con mejor movilidad y con un gran respeto e impulso al cuidado del medio ambiente\u201d.<\/p>\n","protected":false},"excerpt":{"rendered":"<p>#informativoelvalledeaguascalientes , #novaradioaguascalientes Tere Jim\u00e9nez particip\u00f3 en una rodada ciclista en la que respald\u00f3 a las asociaciones que por a\u00f1os se han dedicado a promover el uso de la bicicleta. La candidata de la alianza \u201cVa por Aguascalientes\u201d les hizo saber que su gesti\u00f3n pugnar\u00e1 por la creaci\u00f3n de m\u00e1s ciclov\u00edas que permitan el traslado [&hellip;]<\/p>\n","protected":false},"author":1,"featured_media":29964,"comment_status":"closed","ping_status":"open","sticky":false,"template":"","format":"standard","meta":{"advanced_seo_description":"","jetpack_seo_html_title":"","jetpack_seo_noindex":false,"_jetpack_memberships_contains_paid_content":false,"footnotes":"","jetpack_publicize_message":"","jetpack_publicize_feature_enabled":true,"jetpack_social_post_already_shared":true,"jetpack_social_options":{"image_generator_settings":{"template":"highway","default_image_id":0,"font":"","enabled":false},"version":2}},"categories":[21,7],"tags":[22,23,43,320],"class_list":["post-29958","post","type-post","status-publish","format-standard","has-post-thumbnail","hentry","category-aguascalientes","category-pan-aguascalientes","tag-aguascalientes","tag-pan-aguascalientes","tag-pan-aguascalientes-cde","tag-tere-jimenez"],"jetpack_publicize_connections":[],"jetpack_featured_media_url":"https:\/\/i0.wp.com\/informativoelvalledeaguascalientes.online\/wp-content\/uploads\/2022\/04\/7d843192-daf2-46b6-8e3a-48a14a81a9b6.jpg?fit=1600%2C1066&ssl=1","jetpack-related-posts":[],"jetpack_sharing_enabled":true,"jetpack_likes_enabled":true,"_links":{"self":[{"href":"https:\/\/informativoelvalledeaguascalientes.online\/index.php?rest_route=\/wp\/v2\/posts\/29958","targetHints":{"allow":["GET"]}}],"collection":[{"href":"https:\/\/informativoelvalledeaguascalientes.online\/index.php?rest_route=\/wp\/v2\/posts"}],"about":[{"href":"https:\/\/informativoelvalledeaguascalientes.online\/index.php?rest_route=\/wp\/v2\/types\/post"}],"author":[{"embeddable":true,"href":"https:\/\/informativoelvalledeaguascalientes.online\/index.php?rest_route=\/wp\/v2\/users\/1"}],"replies":[{"embeddable":true,"href":"https:\/\/informativoelvalledeaguascalientes.online\/index.php?rest_route=%2Fwp%2Fv2%2Fcomments&post=29958"}],"version-history":[{"count":1,"href":"https:\/\/informativoelvalledeaguascalientes.online\/index.php?rest_route=\/wp\/v2\/posts\/29958\/revisions"}],"predecessor-version":[{"id":29965,"href":"https:\/\/informativoelvalledeaguascalientes.online\/index.php?rest_route=\/wp\/v2\/posts\/29958\/revisions\/29965"}],"wp:featuredmedia":[{"embeddable":true,"href":"https:\/\/informativoelvalledeaguascalientes.online\/index.php?rest_route=\/wp\/v2\/media\/29964"}],"wp:attachment":[{"href":"https:\/\/informativoelvalledeaguascalientes.online\/index.php?rest_route=%2Fwp%2Fv2%2Fmedia&parent=29958"}],"wp:term":[{"taxonomy":"category","embeddable":true,"href":"https:\/\/informativoelvalledeaguascalientes.online\/index.php?rest_route=%2Fwp%2Fv2%2Fcategories&post=29958"},{"taxonomy":"post_tag","embeddable":true,"href":"https:\/\/informativoelvalledeaguascalientes.online\/index.php?rest_route=%2Fwp%2Fv2%2Ftags&post=29958"}],"curies":[{"name":"wp","href":"https:\/\/api.w.org\/{rel}","templated":true}]}}