{"id":29944,"date":"2022-04-21T14:47:57","date_gmt":"2022-04-21T20:47:57","guid":{"rendered":"https:\/\/informativoelvalledeaguascalientes.online\/?p=29944"},"modified":"2022-04-21T14:47:57","modified_gmt":"2022-04-21T20:47:57","slug":"promueven-la-lectura-en-los-ninas-y-ninos-de-jesus-maria","status":"publish","type":"post","link":"https:\/\/informativoelvalledeaguascalientes.online\/?p=29944","title":{"rendered":"PROMUEVEN LA LECTURA EN LOS NI\u00d1AS Y NI\u00d1OS DE JES\u00daS MAR\u00cdA"},"content":{"rendered":"<p><strong>#informativoelvalledeaguascalientes , #novaradioaguascalientes<\/strong><\/p>\n<p>El Municipio de Jes\u00fas Mar\u00eda informa que lleva a cabo el primer ciclo de lectura de atril de Jes\u00fas Mar\u00eda, mismo que concluye este viernes 22 de abril y que recorri\u00f3 las delegaciones municipales promocionando la lectura mediante esta nueva propuesta llamada \u201cCuentacuentos en tu Delegaci\u00f3n\u201d.<br \/>\nA trav\u00e9s del cuento La Peor Se\u00f1ora del Mundo, la Instancia de Cultura y la Coordinaci\u00f3n de Delegaciones del Municipio de Jes\u00fas Mar\u00eda llevaron a Paseos de Aguascalientes, San Antonio de los Horcones, Margaritas, Valladolid, Maravillas, Venadero y la Cabera Municipal (viernes 22 de abril), este ciclo de lectura de atril a cargo de la maestra Martikis.<br \/>\nCabe destacar que la Sala de Lectura Dolores Castro, creada en 2004, perteneciente al Programa Nacional de Lectura de la Secretar\u00eda de Cultura y desde enero pasado se hospeda en la Biblioteca de la Casa de M\u00fasica de la Instancia de Cultura de Jes\u00fas Mar\u00eda. Su objetivo es crear un espacio de di\u00e1logo en torno a los libros, fomentando as\u00ed la creaci\u00f3n y lectura, principalmente con ni\u00f1as y ni\u00f1os buscando seguir con el legado de la poeta, narradora y fundadora de radio.<\/p>\n","protected":false},"excerpt":{"rendered":"<p>#informativoelvalledeaguascalientes , #novaradioaguascalientes El Municipio de Jes\u00fas Mar\u00eda informa que lleva a cabo el primer ciclo de lectura de atril de Jes\u00fas Mar\u00eda, mismo que concluye este viernes 22 de abril y que recorri\u00f3 las delegaciones municipales promocionando la lectura mediante esta nueva propuesta llamada \u201cCuentacuentos en tu Delegaci\u00f3n\u201d. A trav\u00e9s del cuento La Peor [&hellip;]<\/p>\n","protected":false},"author":1,"featured_media":29945,"comment_status":"closed","ping_status":"open","sticky":false,"template":"","format":"standard","meta":{"advanced_seo_description":"","jetpack_seo_html_title":"","jetpack_seo_noindex":false,"_jetpack_memberships_contains_paid_content":false,"footnotes":"","jetpack_publicize_message":"","jetpack_publicize_feature_enabled":true,"jetpack_social_post_already_shared":true,"jetpack_social_options":{"image_generator_settings":{"template":"highway","default_image_id":0,"font":"","enabled":false},"version":2}},"categories":[21,14],"tags":[22,45],"class_list":["post-29944","post","type-post","status-publish","format-standard","has-post-thumbnail","hentry","category-aguascalientes","category-jesus-maria-aguascalientes","tag-aguascalientes","tag-jesus-maria-aguascalientes"],"jetpack_publicize_connections":[],"jetpack_featured_media_url":"https:\/\/i0.wp.com\/informativoelvalledeaguascalientes.online\/wp-content\/uploads\/2022\/04\/5d915149-4a9b-4e0c-8089-2c21154af034.jpg?fit=1024%2C683&ssl=1","jetpack-related-posts":[],"jetpack_sharing_enabled":true,"jetpack_likes_enabled":true,"_links":{"self":[{"href":"https:\/\/informativoelvalledeaguascalientes.online\/index.php?rest_route=\/wp\/v2\/posts\/29944","targetHints":{"allow":["GET"]}}],"collection":[{"href":"https:\/\/informativoelvalledeaguascalientes.online\/index.php?rest_route=\/wp\/v2\/posts"}],"about":[{"href":"https:\/\/informativoelvalledeaguascalientes.online\/index.php?rest_route=\/wp\/v2\/types\/post"}],"author":[{"embeddable":true,"href":"https:\/\/informativoelvalledeaguascalientes.online\/index.php?rest_route=\/wp\/v2\/users\/1"}],"replies":[{"embeddable":true,"href":"https:\/\/informativoelvalledeaguascalientes.online\/index.php?rest_route=%2Fwp%2Fv2%2Fcomments&post=29944"}],"version-history":[{"count":1,"href":"https:\/\/informativoelvalledeaguascalientes.online\/index.php?rest_route=\/wp\/v2\/posts\/29944\/revisions"}],"predecessor-version":[{"id":29946,"href":"https:\/\/informativoelvalledeaguascalientes.online\/index.php?rest_route=\/wp\/v2\/posts\/29944\/revisions\/29946"}],"wp:featuredmedia":[{"embeddable":true,"href":"https:\/\/informativoelvalledeaguascalientes.online\/index.php?rest_route=\/wp\/v2\/media\/29945"}],"wp:attachment":[{"href":"https:\/\/informativoelvalledeaguascalientes.online\/index.php?rest_route=%2Fwp%2Fv2%2Fmedia&parent=29944"}],"wp:term":[{"taxonomy":"category","embeddable":true,"href":"https:\/\/informativoelvalledeaguascalientes.online\/index.php?rest_route=%2Fwp%2Fv2%2Fcategories&post=29944"},{"taxonomy":"post_tag","embeddable":true,"href":"https:\/\/informativoelvalledeaguascalientes.online\/index.php?rest_route=%2Fwp%2Fv2%2Ftags&post=29944"}],"curies":[{"name":"wp","href":"https:\/\/api.w.org\/{rel}","templated":true}]}}