{"id":29941,"date":"2022-04-21T14:45:21","date_gmt":"2022-04-21T20:45:21","guid":{"rendered":"https:\/\/informativoelvalledeaguascalientes.online\/?p=29941"},"modified":"2022-04-21T14:45:21","modified_gmt":"2022-04-21T20:45:21","slug":"jesus-maria-combatira-adicciones-con-centro-de-rehabilitacion","status":"publish","type":"post","link":"https:\/\/informativoelvalledeaguascalientes.online\/?p=29941","title":{"rendered":"JES\u00daS MAR\u00cdA COMBATIR\u00c1 ADICCIONES CON CENTRO DE REHABILITACI\u00d3N"},"content":{"rendered":"<p><strong>#informativoelvalledeaguascalientes , #novaradioaguascalientes<\/strong><\/p>\n<p>El Municipio de Jes\u00fas Mar\u00eda, informa que pr\u00f3ximas fechas entrar\u00e1 en funcionamiento el primer centro de rehabilitaci\u00f3n para menores de edad, proyecto que forma parte de las pol\u00edticas p\u00fablicas para contribuir a mejorar las condiciones de salud de ni\u00f1os, ni\u00f1as y adolescentes del municipio en situaci\u00f3n de adicciones.<\/p>\n<p>El centro, que tendr\u00e1 un sistema escolarizado de primaria y secundaria con talleres y formaci\u00f3n para el trabajo, estar\u00e1 abierto para menores de entre los 12 y 17 a\u00f1os con problemas de adicciones, el cual, facilitar\u00e1 apoyo especial a familias de escasos recursos y tendr\u00e1 una capacidad para albergar a 18 j\u00f3venes durante un periodo de seis meses.<\/p>\n<p>\u201cEl proceso de recuperaci\u00f3n, estar\u00e1 basado en valores con un sistema formativo, adem\u00e1s de que contar\u00e1 con el apoyo de profesionales de la salud como m\u00e9dicos y psic\u00f3logos en un sistema escolarizado, es decir que el lugar fungir\u00e1 como un internado para garantizar a los menores y sus familias una atenci\u00f3n segura\u201d, extern\u00f3 el presidente municipal.<\/p>\n<p>&nbsp;<\/p>\n<p>En este proyecto participar\u00e1n de manera interinstitucional \u00e1reas del Gobierno Municipal como el DIF y Seguridad P\u00fablica, adem\u00e1s de maestros voluntarios que en conjunto buscar\u00e1n combatir uno de los principales problemas sociales en Jes\u00fas Mar\u00eda, las adicciones; mismas que afectan a ni\u00f1os, ni\u00f1as, adolescentes y a sus familias.<br \/>\nQuienes est\u00e9n interesados o requieran informaci\u00f3n detallada pueden llamar al DIF Municipal al tel\u00e9fono 4499650224.<\/p>\n","protected":false},"excerpt":{"rendered":"<p>#informativoelvalledeaguascalientes , #novaradioaguascalientes El Municipio de Jes\u00fas Mar\u00eda, informa que pr\u00f3ximas fechas entrar\u00e1 en funcionamiento el primer centro de rehabilitaci\u00f3n para menores de edad, proyecto que forma parte de las pol\u00edticas p\u00fablicas para contribuir a mejorar las condiciones de salud de ni\u00f1os, ni\u00f1as y adolescentes del municipio en situaci\u00f3n de adicciones. El centro, que tendr\u00e1 [&hellip;]<\/p>\n","protected":false},"author":1,"featured_media":29942,"comment_status":"closed","ping_status":"open","sticky":false,"template":"","format":"standard","meta":{"advanced_seo_description":"","jetpack_seo_html_title":"","jetpack_seo_noindex":false,"_jetpack_memberships_contains_paid_content":false,"footnotes":"","jetpack_publicize_message":"","jetpack_publicize_feature_enabled":true,"jetpack_social_post_already_shared":true,"jetpack_social_options":{"image_generator_settings":{"template":"highway","default_image_id":0,"font":"","enabled":false},"version":2}},"categories":[21,14],"tags":[22,45],"class_list":["post-29941","post","type-post","status-publish","format-standard","has-post-thumbnail","hentry","category-aguascalientes","category-jesus-maria-aguascalientes","tag-aguascalientes","tag-jesus-maria-aguascalientes"],"jetpack_publicize_connections":[],"jetpack_featured_media_url":"https:\/\/i0.wp.com\/informativoelvalledeaguascalientes.online\/wp-content\/uploads\/2022\/04\/6e93b8ab-c057-4240-8b79-1b9537cb0909.jpg?fit=1280%2C718&ssl=1","jetpack-related-posts":[],"jetpack_sharing_enabled":true,"jetpack_likes_enabled":true,"_links":{"self":[{"href":"https:\/\/informativoelvalledeaguascalientes.online\/index.php?rest_route=\/wp\/v2\/posts\/29941","targetHints":{"allow":["GET"]}}],"collection":[{"href":"https:\/\/informativoelvalledeaguascalientes.online\/index.php?rest_route=\/wp\/v2\/posts"}],"about":[{"href":"https:\/\/informativoelvalledeaguascalientes.online\/index.php?rest_route=\/wp\/v2\/types\/post"}],"author":[{"embeddable":true,"href":"https:\/\/informativoelvalledeaguascalientes.online\/index.php?rest_route=\/wp\/v2\/users\/1"}],"replies":[{"embeddable":true,"href":"https:\/\/informativoelvalledeaguascalientes.online\/index.php?rest_route=%2Fwp%2Fv2%2Fcomments&post=29941"}],"version-history":[{"count":1,"href":"https:\/\/informativoelvalledeaguascalientes.online\/index.php?rest_route=\/wp\/v2\/posts\/29941\/revisions"}],"predecessor-version":[{"id":29943,"href":"https:\/\/informativoelvalledeaguascalientes.online\/index.php?rest_route=\/wp\/v2\/posts\/29941\/revisions\/29943"}],"wp:featuredmedia":[{"embeddable":true,"href":"https:\/\/informativoelvalledeaguascalientes.online\/index.php?rest_route=\/wp\/v2\/media\/29942"}],"wp:attachment":[{"href":"https:\/\/informativoelvalledeaguascalientes.online\/index.php?rest_route=%2Fwp%2Fv2%2Fmedia&parent=29941"}],"wp:term":[{"taxonomy":"category","embeddable":true,"href":"https:\/\/informativoelvalledeaguascalientes.online\/index.php?rest_route=%2Fwp%2Fv2%2Fcategories&post=29941"},{"taxonomy":"post_tag","embeddable":true,"href":"https:\/\/informativoelvalledeaguascalientes.online\/index.php?rest_route=%2Fwp%2Fv2%2Ftags&post=29941"}],"curies":[{"name":"wp","href":"https:\/\/api.w.org\/{rel}","templated":true}]}}