{"id":29935,"date":"2022-04-21T14:40:03","date_gmt":"2022-04-21T20:40:03","guid":{"rendered":"https:\/\/informativoelvalledeaguascalientes.online\/?p=29935"},"modified":"2022-04-21T14:40:03","modified_gmt":"2022-04-21T20:40:03","slug":"es-tiempo-de-dignificar-la-salud-en-aguascalientes-tere-jimenez","status":"publish","type":"post","link":"https:\/\/informativoelvalledeaguascalientes.online\/?p=29935","title":{"rendered":"ES TIEMPO DE DIGNIFICAR LA SALUD EN AGUASCALIENTES: TERE JIM\u00c9NEZ"},"content":{"rendered":"<p><strong>#informativoelvalledeaguascalientes , #novaradioaguascalientes<\/strong><\/p>\n<p>\u2022 En Alianza con el personal de salud, la candidata promover\u00e1 distintas acciones encaminadas a ampliar la cobertura y servicios m\u00e9dicos para todas y todos.<br \/>\n\u2022 La conclusi\u00f3n del Hospital de Pabell\u00f3n, el Seguro Aguascalientes y el programa M\u00e9dico en tu casa son algunas de sus propuestas.<\/p>\n<p>Tere Jim\u00e9nez candidata de la Coalici\u00f3n \u201cVa por Aguascalientes\u201d firm\u00f3 este mi\u00e9rcoles una Alianza con Personal de Salud del Estado y acompa\u00f1ada por la Diputada Federal Margarita Zavala, dio a conocer las acciones que su administraci\u00f3n tomar\u00e1 en el rubro.<\/p>\n<p>Se\u00f1al\u00f3 que atender\u00e1n el rezago del sistema, fortaleciendo la infraestructura hospitalaria y mejorando las condiciones de empleo, para que los m\u00e1s de 15 mil trabajadores y trabajadoras de la salud, cuenten con los recursos necesarios para realizar sus labores.<\/p>\n<p>\u201cHoy firmamos nuestra alianza con los m\u00e9dicos; es tiempo de responderles con gratitud y firmeza a los trabajadores del sector salud. Vamos a destinar los recursos suficientes para que todos tengan las condiciones, prestaciones y certeza laboral que se merecen\u201d, se\u00f1al\u00f3.<\/p>\n<p>Anunci\u00f3 que las obras que realice trascender\u00e1n su administraci\u00f3n y responder\u00e1n a las necesidades en materia de salud para todo el Estado.<\/p>\n<p>Se conformar\u00e1n campa\u00f1as de prevenci\u00f3n, sensibilizaci\u00f3n y detecci\u00f3n oportuna de padecimientos mentales y enfermedades cr\u00f3nico degenerativas como la insuficiencia renal, diabetes y otros padecimientos, que junto con el c\u00e1ncer tendr\u00e1n atenci\u00f3n prioritaria.<\/p>\n<p>Ser\u00e1 a trav\u00e9s del programa \u201cSeguro Aguascalientes\u201d que se atienda a quienes no cuentan con afiliaci\u00f3n a los sistemas de salud y que hoy por hoy, representan 2 de cada 10 personas en el Estado, adem\u00e1s, con los vales de medicina, los y las pacientes podr\u00e1n acceder a medicamentos a bajo costo.<\/p>\n<p>Tere Jim\u00e9nez hizo el anuncio de su proyecto en el a\u00fan inconcluso Hospital de Pabell\u00f3n de Arteaga, que dijo, ser\u00e1 concluido y contar\u00e1 con \u00e1rea de traumatolog\u00eda; mientras que en el actual Hospital General de Pabell\u00f3n funcionar\u00e1 como unidad de atenci\u00f3n materno infantil. Con ello se pretende atender la demanda de la parte norte del Estado; adem\u00e1s, en la capital, el Hospital Hidalgo mejorar\u00e1 su operatividad.<\/p>\n<p>\u201cVamos a concluir el Hospital Hidalgo que pasar\u00e1 de tener 114 camas a 240, con lo que brindaremos atenci\u00f3n medica de primer nivel a la gente de Aguascalientes. El actual hospital de Pabell\u00f3n se convertir\u00e1 en una unidad de atenci\u00f3n materno infantil y vamos a concluir el hospital General de Pabell\u00f3n, que adem\u00e1s incluir\u00e1 la unidad de traumatolog\u00eda, con esto garantizaremos la atenci\u00f3n general de segundo nivel para los municipios del norte de nuestro Estado\u201d se\u00f1al\u00f3.<\/p>\n<p>En este sentido Tere Jim\u00e9nez subray\u00f3 que la obra resulta de vida o muerte para quienes en alg\u00fan momento requieren atenci\u00f3n oportuna, eliminando los tiempos de traslado a la capital; actualmente los accidentes son la cuarta causa de fallecimientos en el Estado, por lo que resulta imperante ampliar la cobertura, fortaleciendo tambi\u00e9n la operatividad de los Centros de Salud comunitarios.<\/p>\n<p>Por otra parte, dijo que entrar\u00e1 en operaciones el programa \u201cM\u00e9dico en tu casa\u201d, que atender\u00e1 a adultos mayores y personas con discapacidad que no pueden desplazarse; adicionalmente operar\u00e1n servicios m\u00f3viles que llegar\u00e1n a todos los rincones del Estado.<\/p>\n<p>La salud mental tambi\u00e9n ser\u00e1 atendida con campa\u00f1as de prevenci\u00f3n y asesor\u00eda desde el nivel escolar, para ello se trabaja en hacer alianzas con psic\u00f3logos y universidades que apoyen en el tratamiento desde la infancia.<\/p>\n<p>\u201cEs tiempo de dar respuestas claras a la gente, es tiempo de que todos reciban atenci\u00f3n m\u00e9dica digna y de calidad\u201d, finaliz\u00f3.<\/p>\n","protected":false},"excerpt":{"rendered":"<p>#informativoelvalledeaguascalientes , #novaradioaguascalientes \u2022 En Alianza con el personal de salud, la candidata promover\u00e1 distintas acciones encaminadas a ampliar la cobertura y servicios m\u00e9dicos para todas y todos. \u2022 La conclusi\u00f3n del Hospital de Pabell\u00f3n, el Seguro Aguascalientes y el programa M\u00e9dico en tu casa son algunas de sus propuestas. Tere Jim\u00e9nez candidata de la [&hellip;]<\/p>\n","protected":false},"author":1,"featured_media":29936,"comment_status":"closed","ping_status":"open","sticky":false,"template":"","format":"standard","meta":{"advanced_seo_description":"","jetpack_seo_html_title":"","jetpack_seo_noindex":false,"_jetpack_memberships_contains_paid_content":false,"footnotes":"","jetpack_publicize_message":"","jetpack_publicize_feature_enabled":true,"jetpack_social_post_already_shared":true,"jetpack_social_options":{"image_generator_settings":{"template":"highway","default_image_id":0,"font":"","enabled":false},"version":2}},"categories":[21,7],"tags":[22,23,43,320],"class_list":["post-29935","post","type-post","status-publish","format-standard","has-post-thumbnail","hentry","category-aguascalientes","category-pan-aguascalientes","tag-aguascalientes","tag-pan-aguascalientes","tag-pan-aguascalientes-cde","tag-tere-jimenez"],"jetpack_publicize_connections":[],"jetpack_featured_media_url":"https:\/\/i0.wp.com\/informativoelvalledeaguascalientes.online\/wp-content\/uploads\/2022\/04\/427497ab-6a21-4a10-b04d-a1c86fa945f6.jpg?fit=1024%2C683&ssl=1","jetpack-related-posts":[],"jetpack_sharing_enabled":true,"jetpack_likes_enabled":true,"_links":{"self":[{"href":"https:\/\/informativoelvalledeaguascalientes.online\/index.php?rest_route=\/wp\/v2\/posts\/29935","targetHints":{"allow":["GET"]}}],"collection":[{"href":"https:\/\/informativoelvalledeaguascalientes.online\/index.php?rest_route=\/wp\/v2\/posts"}],"about":[{"href":"https:\/\/informativoelvalledeaguascalientes.online\/index.php?rest_route=\/wp\/v2\/types\/post"}],"author":[{"embeddable":true,"href":"https:\/\/informativoelvalledeaguascalientes.online\/index.php?rest_route=\/wp\/v2\/users\/1"}],"replies":[{"embeddable":true,"href":"https:\/\/informativoelvalledeaguascalientes.online\/index.php?rest_route=%2Fwp%2Fv2%2Fcomments&post=29935"}],"version-history":[{"count":1,"href":"https:\/\/informativoelvalledeaguascalientes.online\/index.php?rest_route=\/wp\/v2\/posts\/29935\/revisions"}],"predecessor-version":[{"id":29937,"href":"https:\/\/informativoelvalledeaguascalientes.online\/index.php?rest_route=\/wp\/v2\/posts\/29935\/revisions\/29937"}],"wp:featuredmedia":[{"embeddable":true,"href":"https:\/\/informativoelvalledeaguascalientes.online\/index.php?rest_route=\/wp\/v2\/media\/29936"}],"wp:attachment":[{"href":"https:\/\/informativoelvalledeaguascalientes.online\/index.php?rest_route=%2Fwp%2Fv2%2Fmedia&parent=29935"}],"wp:term":[{"taxonomy":"category","embeddable":true,"href":"https:\/\/informativoelvalledeaguascalientes.online\/index.php?rest_route=%2Fwp%2Fv2%2Fcategories&post=29935"},{"taxonomy":"post_tag","embeddable":true,"href":"https:\/\/informativoelvalledeaguascalientes.online\/index.php?rest_route=%2Fwp%2Fv2%2Ftags&post=29935"}],"curies":[{"name":"wp","href":"https:\/\/api.w.org\/{rel}","templated":true}]}}