{"id":29913,"date":"2022-04-20T11:46:02","date_gmt":"2022-04-20T17:46:02","guid":{"rendered":"https:\/\/informativoelvalledeaguascalientes.online\/?p=29913"},"modified":"2022-04-20T11:46:02","modified_gmt":"2022-04-20T17:46:02","slug":"detonaremos-el-desarrollo-economico-con-la-modernizacion-carretera-tere-jimenez","status":"publish","type":"post","link":"https:\/\/informativoelvalledeaguascalientes.online\/?p=29913","title":{"rendered":"DETONAREMOS EL DESARROLLO ECON\u00d3MICO CON LA MODERNIZACI\u00d3N CARRETERA: TERE JIM\u00c9NEZ"},"content":{"rendered":"<p><strong>#informativoelvalledeaguascalientes , #novaradioaguascalientes<\/strong><\/p>\n<p>\u2022 Adem\u00e1s de la rehabilitaci\u00f3n integral del Tercer Anillo de Circunvalaci\u00f3n, la candidata propone mejorar la conectividad para optimizar rutas de transporte p\u00fablico.<br \/>\n\u2022 Se plantea generar una red de ciclov\u00edas para facilitar y hacer m\u00e1s seguros los traslados de cerca de 50 mil personas que usan la bicicleta para llegar a sus centros escolares y laborales.<\/p>\n<p>La candidata a la Gubernatura por la alianza \u201cVa por Aguascalientes\u201d, Tere Jim\u00e9nez, se reuni\u00f3 con diversos l\u00edderes sociales en la capital, con quienes comparti\u00f3 algunas de sus propuestas m\u00e1s importantes.<\/p>\n<p>En Pilar Blanco habl\u00f3 sobre la rehabilitaci\u00f3n del Tercer Anillo que habr\u00e1 de realizarse en 5 etapas, con recursos provenientes del Fondo Directo Estatal.<\/p>\n<p>\u201cEsta gran rehabilitaci\u00f3n dar\u00e1 nueva vida al Tercer Anillo, pues adicionalmente se construir\u00e1n distribuidores viales, se renovar\u00e1n se\u00f1alamientos y se llevar\u00e1 a cabo la semaforizaci\u00f3n de los 42 kil\u00f3metros que integran esta vialidad.\u201d<\/p>\n<p>A\u00f1adi\u00f3 que se impulsar\u00e1 tambi\u00e9n la conectividad entre las diversas rutas del transporte p\u00fablico y nuevas terminales urbanas.<\/p>\n<p>\u201cVamos a seguir impulsando la conectividad entre las rutas de transporte y las nuevas terminales urbanas para disminuir tiempos de traslado y apoyar la econom\u00eda de las familias. Crearemos rutas sociales y vamos a trabajar para que todos cuenten con un transporte seguro, eficiente y econ\u00f3mico; en particular en la zona oriente y poniente de la capital.\u201d<\/p>\n<p>Dijo, adem\u00e1s, que con la modernizaci\u00f3n de las vialidades se promover\u00e1 el desarrollo econ\u00f3mico del Estado y se potenciar\u00e1n las oportunidades de crecimiento en Aguascalientes.<\/p>\n<p>Su gesti\u00f3n tambi\u00e9n velar\u00e1 por las m\u00e1s de 50 mil personas que todos los d\u00edas se trasladan en bicicleta o motocicleta para llegar a sus centros laborales o educativos; para ello se tiene contemplada la construcci\u00f3n de una amplia zona de ciclov\u00edas por las que puedan circular libremente.<\/p>\n","protected":false},"excerpt":{"rendered":"<p>#informativoelvalledeaguascalientes , #novaradioaguascalientes \u2022 Adem\u00e1s de la rehabilitaci\u00f3n integral del Tercer Anillo de Circunvalaci\u00f3n, la candidata propone mejorar la conectividad para optimizar rutas de transporte p\u00fablico. \u2022 Se plantea generar una red de ciclov\u00edas para facilitar y hacer m\u00e1s seguros los traslados de cerca de 50 mil personas que usan la bicicleta para llegar a [&hellip;]<\/p>\n","protected":false},"author":1,"featured_media":29914,"comment_status":"closed","ping_status":"open","sticky":false,"template":"","format":"standard","meta":{"advanced_seo_description":"","jetpack_seo_html_title":"","jetpack_seo_noindex":false,"_jetpack_memberships_contains_paid_content":false,"footnotes":"","jetpack_publicize_message":"","jetpack_publicize_feature_enabled":true,"jetpack_social_post_already_shared":true,"jetpack_social_options":{"image_generator_settings":{"template":"highway","default_image_id":0,"font":"","enabled":false},"version":2}},"categories":[21,7],"tags":[22,23,43,320],"class_list":["post-29913","post","type-post","status-publish","format-standard","has-post-thumbnail","hentry","category-aguascalientes","category-pan-aguascalientes","tag-aguascalientes","tag-pan-aguascalientes","tag-pan-aguascalientes-cde","tag-tere-jimenez"],"jetpack_publicize_connections":[],"jetpack_featured_media_url":"https:\/\/i0.wp.com\/informativoelvalledeaguascalientes.online\/wp-content\/uploads\/2022\/04\/0f6acff5-0b14-4286-9d91-edba87499ba4.jpg?fit=1280%2C852&ssl=1","jetpack-related-posts":[],"jetpack_sharing_enabled":true,"jetpack_likes_enabled":true,"_links":{"self":[{"href":"https:\/\/informativoelvalledeaguascalientes.online\/index.php?rest_route=\/wp\/v2\/posts\/29913","targetHints":{"allow":["GET"]}}],"collection":[{"href":"https:\/\/informativoelvalledeaguascalientes.online\/index.php?rest_route=\/wp\/v2\/posts"}],"about":[{"href":"https:\/\/informativoelvalledeaguascalientes.online\/index.php?rest_route=\/wp\/v2\/types\/post"}],"author":[{"embeddable":true,"href":"https:\/\/informativoelvalledeaguascalientes.online\/index.php?rest_route=\/wp\/v2\/users\/1"}],"replies":[{"embeddable":true,"href":"https:\/\/informativoelvalledeaguascalientes.online\/index.php?rest_route=%2Fwp%2Fv2%2Fcomments&post=29913"}],"version-history":[{"count":1,"href":"https:\/\/informativoelvalledeaguascalientes.online\/index.php?rest_route=\/wp\/v2\/posts\/29913\/revisions"}],"predecessor-version":[{"id":29915,"href":"https:\/\/informativoelvalledeaguascalientes.online\/index.php?rest_route=\/wp\/v2\/posts\/29913\/revisions\/29915"}],"wp:featuredmedia":[{"embeddable":true,"href":"https:\/\/informativoelvalledeaguascalientes.online\/index.php?rest_route=\/wp\/v2\/media\/29914"}],"wp:attachment":[{"href":"https:\/\/informativoelvalledeaguascalientes.online\/index.php?rest_route=%2Fwp%2Fv2%2Fmedia&parent=29913"}],"wp:term":[{"taxonomy":"category","embeddable":true,"href":"https:\/\/informativoelvalledeaguascalientes.online\/index.php?rest_route=%2Fwp%2Fv2%2Fcategories&post=29913"},{"taxonomy":"post_tag","embeddable":true,"href":"https:\/\/informativoelvalledeaguascalientes.online\/index.php?rest_route=%2Fwp%2Fv2%2Ftags&post=29913"}],"curies":[{"name":"wp","href":"https:\/\/api.w.org\/{rel}","templated":true}]}}