{"id":29890,"date":"2022-04-19T23:10:24","date_gmt":"2022-04-20T05:10:24","guid":{"rendered":"https:\/\/informativoelvalledeaguascalientes.online\/?p=29890"},"modified":"2022-04-19T23:10:24","modified_gmt":"2022-04-20T05:10:24","slug":"promoveremos-obra-publica-inclusiva-durante-mi-gestion-tere-jimenez","status":"publish","type":"post","link":"https:\/\/informativoelvalledeaguascalientes.online\/?p=29890","title":{"rendered":"PROMOVEREMOS OBRA P\u00daBLICA INCLUSIVA DURANTE MI GESTI\u00d3N: TERE JIM\u00c9NEZ"},"content":{"rendered":"<p><strong>#informativoelvalledeaguascalientes , #novaradioaguascalientes<\/strong><\/p>\n<p>Tere Jim\u00e9nez Candidata a la Gubernatura de la Coalici\u00f3n \u201cVa por Aguascalientes\u201d sostuvo una reuni\u00f3n con jubilados de Aguascalientes a quienes les hizo saber sobre los compromisos de su gesti\u00f3n con este sector, mismos que fueron plasmados a trav\u00e9s de la firma de la Alianza con Adultos Mayores realizada esta ma\u00f1ana.<\/p>\n<p>La candidata a la gubernatura se\u00f1al\u00f3 que actualmente en el Estado viven 96 mil adultos mayores, sin embargo, en unos a\u00f1os este n\u00famero crecer\u00e1 exponencialmente, por lo que es importante reorientar y fortalecer pol\u00edticas y programas que respondan a las necesidades de este grupo poblacional.<\/p>\n<p>Se comprometi\u00f3 a respetar los derechos de los abuelitos y abuelitas del estado.<\/p>\n<p>A\u00f1adi\u00f3 que durante su gesti\u00f3n se trabajar\u00e1 en consolidar infraestructura inclusiva y accesibilidad universal a edificios p\u00fablicos, escuelas, parques y hospitales, entre otros espacios, para facilitar la movilidad de los abuelitos y abuelitas, pues muchos de ellos &#8211; 27 mil-, padecen alg\u00fan tipo de discapacidad y es labor de las administraciones trabajar por resolver las demandas de cada sector de la poblaci\u00f3n.<\/p>\n","protected":false},"excerpt":{"rendered":"<p>#informativoelvalledeaguascalientes , #novaradioaguascalientes Tere Jim\u00e9nez Candidata a la Gubernatura de la Coalici\u00f3n \u201cVa por Aguascalientes\u201d sostuvo una reuni\u00f3n con jubilados de Aguascalientes a quienes les hizo saber sobre los compromisos de su gesti\u00f3n con este sector, mismos que fueron plasmados a trav\u00e9s de la firma de la Alianza con Adultos Mayores realizada esta ma\u00f1ana. La [&hellip;]<\/p>\n","protected":false},"author":1,"featured_media":29891,"comment_status":"closed","ping_status":"open","sticky":false,"template":"","format":"standard","meta":{"advanced_seo_description":"","jetpack_seo_html_title":"","jetpack_seo_noindex":false,"_jetpack_memberships_contains_paid_content":false,"footnotes":"","jetpack_publicize_message":"","jetpack_publicize_feature_enabled":true,"jetpack_social_post_already_shared":true,"jetpack_social_options":{"image_generator_settings":{"template":"highway","default_image_id":0,"font":"","enabled":false},"version":2}},"categories":[21,7],"tags":[22,23,43,320],"class_list":["post-29890","post","type-post","status-publish","format-standard","has-post-thumbnail","hentry","category-aguascalientes","category-pan-aguascalientes","tag-aguascalientes","tag-pan-aguascalientes","tag-pan-aguascalientes-cde","tag-tere-jimenez"],"jetpack_publicize_connections":[],"jetpack_featured_media_url":"https:\/\/i0.wp.com\/informativoelvalledeaguascalientes.online\/wp-content\/uploads\/2022\/04\/54e428f3-5ee9-4623-bb9e-9dff3c05467f.jpg?fit=1280%2C852&ssl=1","jetpack-related-posts":[],"jetpack_sharing_enabled":true,"jetpack_likes_enabled":true,"_links":{"self":[{"href":"https:\/\/informativoelvalledeaguascalientes.online\/index.php?rest_route=\/wp\/v2\/posts\/29890","targetHints":{"allow":["GET"]}}],"collection":[{"href":"https:\/\/informativoelvalledeaguascalientes.online\/index.php?rest_route=\/wp\/v2\/posts"}],"about":[{"href":"https:\/\/informativoelvalledeaguascalientes.online\/index.php?rest_route=\/wp\/v2\/types\/post"}],"author":[{"embeddable":true,"href":"https:\/\/informativoelvalledeaguascalientes.online\/index.php?rest_route=\/wp\/v2\/users\/1"}],"replies":[{"embeddable":true,"href":"https:\/\/informativoelvalledeaguascalientes.online\/index.php?rest_route=%2Fwp%2Fv2%2Fcomments&post=29890"}],"version-history":[{"count":1,"href":"https:\/\/informativoelvalledeaguascalientes.online\/index.php?rest_route=\/wp\/v2\/posts\/29890\/revisions"}],"predecessor-version":[{"id":29892,"href":"https:\/\/informativoelvalledeaguascalientes.online\/index.php?rest_route=\/wp\/v2\/posts\/29890\/revisions\/29892"}],"wp:featuredmedia":[{"embeddable":true,"href":"https:\/\/informativoelvalledeaguascalientes.online\/index.php?rest_route=\/wp\/v2\/media\/29891"}],"wp:attachment":[{"href":"https:\/\/informativoelvalledeaguascalientes.online\/index.php?rest_route=%2Fwp%2Fv2%2Fmedia&parent=29890"}],"wp:term":[{"taxonomy":"category","embeddable":true,"href":"https:\/\/informativoelvalledeaguascalientes.online\/index.php?rest_route=%2Fwp%2Fv2%2Fcategories&post=29890"},{"taxonomy":"post_tag","embeddable":true,"href":"https:\/\/informativoelvalledeaguascalientes.online\/index.php?rest_route=%2Fwp%2Fv2%2Ftags&post=29890"}],"curies":[{"name":"wp","href":"https:\/\/api.w.org\/{rel}","templated":true}]}}