{"id":29886,"date":"2022-04-19T23:07:19","date_gmt":"2022-04-20T05:07:19","guid":{"rendered":"https:\/\/informativoelvalledeaguascalientes.online\/?p=29886"},"modified":"2022-04-19T23:07:19","modified_gmt":"2022-04-20T05:07:19","slug":"seran-adultos-mayores-prioridad-para-tere-jimenez","status":"publish","type":"post","link":"https:\/\/informativoelvalledeaguascalientes.online\/?p=29886","title":{"rendered":"SER\u00c1N ADULTOS MAYORES PRIORIDAD PARA TERE JIM\u00c9NEZ"},"content":{"rendered":"<p>&nbsp;<\/p>\n<p><strong>#informativoelvalledeaguascalientes , #novaradioaguascalientes<\/strong><\/p>\n<p>\u2022 La candidata firm\u00f3 una alianza que permitir\u00e1 ofrecer una mejor calidad de vida a las y los abuelitos del Estado.<br \/>\n\u2022 Oportunidades laborales, acceso a servicios de salud e infraestructura que les permita desplazarse de manera segura son algunas de sus propuestas.<\/p>\n<p>Este lunes la Candidata de la Coalici\u00f3n \u201cVa por Aguascalientes\u201d Tere Jim\u00e9nez, celebr\u00f3 una Alianza con Adultos Mayores con la cual se compromete a dignificar las condiciones de vida de este sector poblacional.<\/p>\n<p>Se\u00f1al\u00f3 que los abuelitos y abuelitas de Aguascalientes son parte importante del Estado, pues el progreso que ahora se vive, comenz\u00f3 con grandes sue\u00f1os, el trabajo y la dedicaci\u00f3n que ellos han depositado durante toda su vida para construir los cimientos del Aguascalientes que ahora conocemos.<\/p>\n<p>Es as\u00ed que les coment\u00f3 algunos de los proyectos que durante su gesti\u00f3n tendr\u00e1n especial empuje y que se enfocan en proporcionar opciones que permitan mejorar la calidad de vida 97 mil personas que integran este grupo de la poblaci\u00f3n.<\/p>\n<p>Adem\u00e1s de tener un proyecto integral de obra p\u00fablica incluyente que promueva la movilidad amigable y les permita desplazarse con m\u00e1s facilidad; Tere Jim\u00e9nez dijo que durante su gesti\u00f3n tambi\u00e9n velar\u00e1 por la salud de este sector, para lo cual se proyectan la creaci\u00f3n del Instituto del Adulto Mayor y la red de Estancias de D\u00eda en las que adem\u00e1s de participar en actividades de esparcimiento, activaci\u00f3n f\u00edsica, actividades art\u00edsticas y culturales, contar\u00e1n con atenci\u00f3n m\u00e9dica especializada.<\/p>\n<p>Se\u00f1al\u00f3 que los adultos mayores tendr\u00e1n la oportunidad de recibir atenci\u00f3n y servicios m\u00e9dicos m\u00f3viles de primer nivel en todas las regiones de Aguascalientes, acercando la posibilidad de que m\u00e9dicos especialistas atiendan a quienes por su avanzada edad no cuentan con las posibilidades de salir de casa.<\/p>\n<p>Tambi\u00e9n se pondr\u00e1n en marcha las consultas de \u201cTelemedicina\u201d, mismas que se otorgar\u00e1n a trav\u00e9s de aplicaci\u00f3n celular.<\/p>\n<p>\u201cCon el programa \u201cM\u00e9dico en tu casa\u201d, llevaremos a los especialistas hasta sus hogares porque hay muchos abuelitos que est\u00e1n solos y necesitan rehabilitaci\u00f3n f\u00edsica; todos ellos van a contar con nosotros\u201d.<\/p>\n<p>Tere Jim\u00e9nez dio a conocer que su gesti\u00f3n pugnar\u00e1 por oportunidades laborales, pues muchos adultos mayores tienen el deseo de salir adelante y les es complejo encontrar un trabajo, por lo que un d\u00eda a la semana se ofrecer\u00e1n empleos para este sector.<\/p>\n<p>Adem\u00e1s, los abuelitos y abuelitas recibir\u00e1n cr\u00e9ditos a trav\u00e9s del programa \u201cAbuelito Emprendedor\u201d, con el cual podr\u00e1n iniciar alg\u00fan negocio y as\u00ed apoyarse generando ingresos propios.<\/p>\n<p>Adicionalmente a trav\u00e9s de los Centros de Capacitaci\u00f3n del Adulto Mayor, recibir\u00e1n la preparaci\u00f3n necesaria para que su modelo de negocios sea exitoso.<\/p>\n<p>Su seguridad es tambi\u00e9n importante, por lo que la candidata a la gubernatura dijo que se otorgar\u00e1n pulseras que permitan que los adultos mayores caminen protegidos. Esta banda estar\u00e1 conectada al C5 y brindar\u00e1 apoyo en caso de alguna emergencia.<\/p>\n<p>Finalmente, Tere Jim\u00e9nez reiter\u00f3 el apoyo a los abuelitos y abuelitas de Aguascalientes:<\/p>\n<p>\u201cNo est\u00e1n solos, tienen una gran familia tienen y esa familia se llama Aguascalientes\u201d, concluy\u00f3.<\/p>\n","protected":false},"excerpt":{"rendered":"<p>&nbsp; #informativoelvalledeaguascalientes , #novaradioaguascalientes \u2022 La candidata firm\u00f3 una alianza que permitir\u00e1 ofrecer una mejor calidad de vida a las y los abuelitos del Estado. \u2022 Oportunidades laborales, acceso a servicios de salud e infraestructura que les permita desplazarse de manera segura son algunas de sus propuestas. Este lunes la Candidata de la Coalici\u00f3n \u201cVa [&hellip;]<\/p>\n","protected":false},"author":1,"featured_media":29888,"comment_status":"closed","ping_status":"open","sticky":false,"template":"","format":"standard","meta":{"advanced_seo_description":"","jetpack_seo_html_title":"","jetpack_seo_noindex":false,"_jetpack_memberships_contains_paid_content":false,"footnotes":"","jetpack_publicize_message":"","jetpack_publicize_feature_enabled":true,"jetpack_social_post_already_shared":true,"jetpack_social_options":{"image_generator_settings":{"template":"highway","default_image_id":0,"font":"","enabled":false},"version":2}},"categories":[21,7],"tags":[22,23,43,320],"class_list":["post-29886","post","type-post","status-publish","format-standard","has-post-thumbnail","hentry","category-aguascalientes","category-pan-aguascalientes","tag-aguascalientes","tag-pan-aguascalientes","tag-pan-aguascalientes-cde","tag-tere-jimenez"],"jetpack_publicize_connections":[],"jetpack_featured_media_url":"https:\/\/i0.wp.com\/informativoelvalledeaguascalientes.online\/wp-content\/uploads\/2022\/04\/49f18d81-ef52-4c00-8547-94fcb34e9a8b.jpg?fit=1024%2C683&ssl=1","jetpack-related-posts":[],"jetpack_sharing_enabled":true,"jetpack_likes_enabled":true,"_links":{"self":[{"href":"https:\/\/informativoelvalledeaguascalientes.online\/index.php?rest_route=\/wp\/v2\/posts\/29886","targetHints":{"allow":["GET"]}}],"collection":[{"href":"https:\/\/informativoelvalledeaguascalientes.online\/index.php?rest_route=\/wp\/v2\/posts"}],"about":[{"href":"https:\/\/informativoelvalledeaguascalientes.online\/index.php?rest_route=\/wp\/v2\/types\/post"}],"author":[{"embeddable":true,"href":"https:\/\/informativoelvalledeaguascalientes.online\/index.php?rest_route=\/wp\/v2\/users\/1"}],"replies":[{"embeddable":true,"href":"https:\/\/informativoelvalledeaguascalientes.online\/index.php?rest_route=%2Fwp%2Fv2%2Fcomments&post=29886"}],"version-history":[{"count":1,"href":"https:\/\/informativoelvalledeaguascalientes.online\/index.php?rest_route=\/wp\/v2\/posts\/29886\/revisions"}],"predecessor-version":[{"id":29889,"href":"https:\/\/informativoelvalledeaguascalientes.online\/index.php?rest_route=\/wp\/v2\/posts\/29886\/revisions\/29889"}],"wp:featuredmedia":[{"embeddable":true,"href":"https:\/\/informativoelvalledeaguascalientes.online\/index.php?rest_route=\/wp\/v2\/media\/29888"}],"wp:attachment":[{"href":"https:\/\/informativoelvalledeaguascalientes.online\/index.php?rest_route=%2Fwp%2Fv2%2Fmedia&parent=29886"}],"wp:term":[{"taxonomy":"category","embeddable":true,"href":"https:\/\/informativoelvalledeaguascalientes.online\/index.php?rest_route=%2Fwp%2Fv2%2Fcategories&post=29886"},{"taxonomy":"post_tag","embeddable":true,"href":"https:\/\/informativoelvalledeaguascalientes.online\/index.php?rest_route=%2Fwp%2Fv2%2Ftags&post=29886"}],"curies":[{"name":"wp","href":"https:\/\/api.w.org\/{rel}","templated":true}]}}