{"id":29482,"date":"2022-04-08T22:38:18","date_gmt":"2022-04-09T04:38:18","guid":{"rendered":"https:\/\/informativoelvalledeaguascalientes.online\/?p=29482"},"modified":"2022-04-08T22:38:18","modified_gmt":"2022-04-09T04:38:18","slug":"acude-gobernador-al-arranque-de-las-paseras-residencial-en-calvillo","status":"publish","type":"post","link":"https:\/\/informativoelvalledeaguascalientes.online\/?p=29482","title":{"rendered":"ACUDE GOBERNADOR AL ARRANQUE DE LAS PASERAS RESIDENCIAL EN CALVILLO\u00a0"},"content":{"rendered":"<div dir=\"auto\"><\/div>\n<div dir=\"auto\"><strong>#informativoelvalledeaguascalientes , #novaradioaguascalientes<\/strong><\/div>\n<div dir=\"auto\">Aguascalientes es un estado pujante que se est\u00e1 desarrollando constantemente, y para lo cual es fundamental la labor de los diversos sectores empresariales que impulsan este crecimiento, en este caso la del gremio de la construcci\u00f3n y la vivienda.<\/div>\n<div dir=\"auto\"><\/div>\n<div dir=\"auto\">As\u00ed se\u00f1al\u00f3 el gobernador Mart\u00edn Orozco Sandoval durante el arranque del proyecto Las Paseras Residencial en el municipio de Calvillo, donde destac\u00f3 que este tipo de actividades de la iniciativa privada primero fomentan el empleo, adem\u00e1s de que ofrecen viviendas y servicios de calidad a las familias.<\/div>\n<div dir=\"auto\"><\/div>\n<div dir=\"auto\">Por su parte, Gloria Romo Cuesta, representante de este proyecto, destac\u00f3 la generaci\u00f3n de riqueza que este tipo de obras logra, pues dijo, la construcci\u00f3n de una casa crea 5 empleos directos y 3 indirectos para familias de la comunidad.<\/div>\n<div dir=\"auto\"><\/div>\n<div dir=\"auto\">En otro momento, Gabriel Moreno Z\u00e1rate, desarrollador de este fraccionamiento \u00fanico en su tipo en el municipio de Calvillo, se\u00f1al\u00f3 que el residencial constar\u00e1 de 244 lotes.<\/div>\n<div dir=\"auto\"><\/div>\n<div dir=\"auto\">Finalmente, Daniel Romo Urrutia, presidente municipal de Calvillo, destac\u00f3 el trabajo en sinergia entre los niveles de gobierno y el empresariado, el cual que ha permitido la fortaleza del municipio.<\/div>\n","protected":false},"excerpt":{"rendered":"<p>#informativoelvalledeaguascalientes , #novaradioaguascalientes Aguascalientes es un estado pujante que se est\u00e1 desarrollando constantemente, y para lo cual es fundamental la labor de los diversos sectores empresariales que impulsan este crecimiento, en este caso la del gremio de la construcci\u00f3n y la vivienda. As\u00ed se\u00f1al\u00f3 el gobernador Mart\u00edn Orozco Sandoval durante el arranque del proyecto Las [&hellip;]<\/p>\n","protected":false},"author":1,"featured_media":29492,"comment_status":"closed","ping_status":"open","sticky":false,"template":"","format":"standard","meta":{"advanced_seo_description":"","jetpack_seo_html_title":"","jetpack_seo_noindex":false,"_jetpack_memberships_contains_paid_content":false,"footnotes":"","jetpack_publicize_message":"","jetpack_publicize_feature_enabled":true,"jetpack_social_post_already_shared":true,"jetpack_social_options":{"image_generator_settings":{"template":"highway","default_image_id":0,"font":"","enabled":false},"version":2}},"categories":[21,4],"tags":[22,88,31],"class_list":["post-29482","post","type-post","status-publish","format-standard","has-post-thumbnail","hentry","category-aguascalientes","category-gobierno-del-estado-aguascalientes","tag-aguascalientes","tag-calvillo","tag-mos"],"jetpack_publicize_connections":[],"jetpack_featured_media_url":"https:\/\/i0.wp.com\/informativoelvalledeaguascalientes.online\/wp-content\/uploads\/2022\/04\/IMG-20220408-WA0024.jpg?fit=1280%2C806&ssl=1","jetpack-related-posts":[],"jetpack_sharing_enabled":true,"jetpack_likes_enabled":true,"_links":{"self":[{"href":"https:\/\/informativoelvalledeaguascalientes.online\/index.php?rest_route=\/wp\/v2\/posts\/29482","targetHints":{"allow":["GET"]}}],"collection":[{"href":"https:\/\/informativoelvalledeaguascalientes.online\/index.php?rest_route=\/wp\/v2\/posts"}],"about":[{"href":"https:\/\/informativoelvalledeaguascalientes.online\/index.php?rest_route=\/wp\/v2\/types\/post"}],"author":[{"embeddable":true,"href":"https:\/\/informativoelvalledeaguascalientes.online\/index.php?rest_route=\/wp\/v2\/users\/1"}],"replies":[{"embeddable":true,"href":"https:\/\/informativoelvalledeaguascalientes.online\/index.php?rest_route=%2Fwp%2Fv2%2Fcomments&post=29482"}],"version-history":[{"count":1,"href":"https:\/\/informativoelvalledeaguascalientes.online\/index.php?rest_route=\/wp\/v2\/posts\/29482\/revisions"}],"predecessor-version":[{"id":29493,"href":"https:\/\/informativoelvalledeaguascalientes.online\/index.php?rest_route=\/wp\/v2\/posts\/29482\/revisions\/29493"}],"wp:featuredmedia":[{"embeddable":true,"href":"https:\/\/informativoelvalledeaguascalientes.online\/index.php?rest_route=\/wp\/v2\/media\/29492"}],"wp:attachment":[{"href":"https:\/\/informativoelvalledeaguascalientes.online\/index.php?rest_route=%2Fwp%2Fv2%2Fmedia&parent=29482"}],"wp:term":[{"taxonomy":"category","embeddable":true,"href":"https:\/\/informativoelvalledeaguascalientes.online\/index.php?rest_route=%2Fwp%2Fv2%2Fcategories&post=29482"},{"taxonomy":"post_tag","embeddable":true,"href":"https:\/\/informativoelvalledeaguascalientes.online\/index.php?rest_route=%2Fwp%2Fv2%2Ftags&post=29482"}],"curies":[{"name":"wp","href":"https:\/\/api.w.org\/{rel}","templated":true}]}}