{"id":29407,"date":"2022-04-06T23:06:08","date_gmt":"2022-04-07T05:06:08","guid":{"rendered":"https:\/\/informativoelvalledeaguascalientes.online\/?p=29407"},"modified":"2022-04-06T23:06:08","modified_gmt":"2022-04-07T05:06:08","slug":"mas-de-800-elementos-de-la-guardia-nacional-apoyaran-en-labores-de-seguridad-durante-la-fnsm","status":"publish","type":"post","link":"https:\/\/informativoelvalledeaguascalientes.online\/?p=29407","title":{"rendered":"M\u00c1S DE 800 ELEMENTOS DE LA GUARDIA NACIONAL APOYAR\u00c1N EN LABORES DE SEGURIDAD DURANTE LA FNSM"},"content":{"rendered":"<p><strong>#informativoelvalledeaguascalientes , #novaradioaguascalientes<\/strong><\/p>\n<ul>\n<li dir=\"ltr\">\n<p dir=\"ltr\" role=\"presentation\">Respalda Gobierno de M\u00e9xico estrategia de seguridad de la feria m\u00e1s importante de Latinoam\u00e9rica<\/p>\n<\/li>\n<li dir=\"ltr\">\n<p dir=\"ltr\" role=\"presentation\">Guardia Nacional dispondr\u00e1 tambi\u00e9n de 20 patrullas para vigilancia en las puertas de acceso de la entidad y helic\u00f3pteros para recorridos a\u00e9reos<\/p>\n<\/li>\n<li dir=\"ltr\">\n<p dir=\"ltr\" role=\"presentation\">Autoridades federales reconocen la importancia de la FNSM para la reactivaci\u00f3n econ\u00f3mica de M\u00e9xico luego de dos a\u00f1os de pandemia<\/p>\n<\/li>\n<\/ul>\n<p>&nbsp;<\/p>\n<p dir=\"ltr\">Ser\u00e1n m\u00e1s de 800 elementos de la Guardia Nacional los que apoyen en labores de vigilancia en Aguascalientes durante la edici\u00f3n 2022 de la Feria Nacional de San Marcos; as\u00ed lo anunci\u00f3 el Gobernador del Estado, Mart\u00edn Orozco Sandoval, luego de reunirse con Rosa Icela Rodr\u00edguez Vel\u00e1zquez, titular de la Secretar\u00eda de Seguridad y Protecci\u00f3n Ciudadana (SSPC) y con el General Luis Rodr\u00edguez Bucio, Comandante de la Guardia Nacional.<\/p>\n<p>&nbsp;<\/p>\n<p dir=\"ltr\">Durante una reuni\u00f3n de trabajo en las instalaciones del C5-SITEC, el mandatario agradeci\u00f3 al Gobierno Federal por el respaldo y apoyo al operativo de seguridad que se tiene listo para esta verbena, pues resalt\u00f3 que lo m\u00e1s importante es salvaguardar el bienestar de los m\u00e1s de 7 millones de visitantes en las m\u00e1s de 90 hect\u00e1reas del per\u00edmetro ferial.<\/p>\n<p>&nbsp;<\/p>\n<p dir=\"ltr\">Expuso que la seguridad es un sello distintivo de esta festividad, por lo que los feriantes pueden tener la certidumbre de que esta ser\u00e1 la mejor edici\u00f3n, con un ambiente familiar y con actividades para todas y todos.<\/p>\n<p>&nbsp;<\/p>\n<p dir=\"ltr\">Por su parte, Rosa Icela Rodr\u00edguez se\u00f1al\u00f3 que atendiendo la instrucci\u00f3n del Presidente de M\u00e9xico, Andr\u00e9s Manuel L\u00f3pez Obrador, se brinda este apoyo pues la FNSM es una de las tradiciones m\u00e1s representativas del pa\u00eds, de tal forma es fundamental que los visitantes tengan la certeza de que estar\u00e1n seguros. Asimismo, destac\u00f3 la importancia de la realizaci\u00f3n de la verbena a dos a\u00f1os de la pandemia por Covid-19, ya que no s\u00f3lo abona a la reactivaci\u00f3n econ\u00f3mica, sino tambi\u00e9n es un foro de diversi\u00f3n para las y los mexicanos.<\/p>\n<p>&nbsp;<\/p>\n<p dir=\"ltr\">\u201cNos quedamos tranquilos y contentos porque sabemos que el Gobierno del Estado de Aguascalientes tiene una buena organizaci\u00f3n para que esta sea la mejor edici\u00f3n\u201d, coment\u00f3 la titular de la Secretar\u00eda de Seguridad y Protecci\u00f3n Ciudadana.<\/p>\n<p>&nbsp;<\/p>\n<p dir=\"ltr\">Rodr\u00edguez Bucio detall\u00f3 que llegar\u00e1n 400 elementos de la Guardia Nacional al estado que se suman a la estrategia de seguridad de la FNSM, sum\u00e1ndose a los 420 efectivos que se despliegan para labores de vigilancia en la entidad. De igual manera agreg\u00f3 que se apoyar\u00e1 con 20 patrullas m\u00e1s para resguardar las puertas de acceso a la entidad y la presencia de helic\u00f3pteros para recorridos a\u00e9reos en el per\u00edmetro de la verbena abrile\u00f1a.<\/p>\n<p>&nbsp;<\/p>\n<p dir=\"ltr\">Luego de exponer a las autoridades federales el operativo en todas las zonas de la Feria de San Marcos, Jon\u00e1s Ch\u00e1vez Mar\u00edn, titular de la Secretar\u00eda de Seguridad P\u00fablica del Estado, agreg\u00f3 que adem\u00e1s m\u00e1s de 1 mil 600 elementos de seguridad y rescate, de los tres niveles de gobierno proteger\u00e1n la integridad, as\u00ed como los bienes de los feriantes, lo anterior sin que sea descuidada la vigilancia en el resto del Estado, al contar desde ahora con acciones perfectamente definidas y \u00e1reas de operaci\u00f3n establecidas.<\/p>\n<p>&nbsp;<\/p>\n<p dir=\"ltr\">Cabe mencionar que tambi\u00e9n estuvieron presentes Juan Manuel Flores Femat, secretario general de Gobierno; Jorge Prieto Nieto S\u00e1nchez, comandante de la XIV Zona Militar; el inspector general y coordinador de la Guardia Nacional en Aguascalientes, David Ram\u00edrez Pi\u00f1\u00f3n; Jos\u00e9 \u00c1ngel Gonz\u00e1lez Serna, secretario de Turismo del Estado y presidente del Patronato de la FNSM; y el fiscal general del Estado, Jes\u00fas Figueroa Ortega.<\/p>\n","protected":false},"excerpt":{"rendered":"<p>#informativoelvalledeaguascalientes , #novaradioaguascalientes Respalda Gobierno de M\u00e9xico estrategia de seguridad de la feria m\u00e1s importante de Latinoam\u00e9rica Guardia Nacional dispondr\u00e1 tambi\u00e9n de 20 patrullas para vigilancia en las puertas de acceso de la entidad y helic\u00f3pteros para recorridos a\u00e9reos Autoridades federales reconocen la importancia de la FNSM para la reactivaci\u00f3n econ\u00f3mica de M\u00e9xico luego de [&hellip;]<\/p>\n","protected":false},"author":1,"featured_media":29409,"comment_status":"closed","ping_status":"open","sticky":false,"template":"","format":"standard","meta":{"advanced_seo_description":"","jetpack_seo_html_title":"","jetpack_seo_noindex":false,"_jetpack_memberships_contains_paid_content":false,"footnotes":"","jetpack_publicize_message":"","jetpack_publicize_feature_enabled":true,"jetpack_social_post_already_shared":true,"jetpack_social_options":{"image_generator_settings":{"template":"highway","default_image_id":0,"font":"","enabled":false},"version":2}},"categories":[21,4],"tags":[22,114,549,31,551],"class_list":["post-29407","post","type-post","status-publish","format-standard","has-post-thumbnail","hentry","category-aguascalientes","category-gobierno-del-estado-aguascalientes","tag-aguascalientes","tag-c5-sitec","tag-fnsm-2022","tag-mos","tag-sspc"],"jetpack_publicize_connections":[],"jetpack_featured_media_url":"https:\/\/i0.wp.com\/informativoelvalledeaguascalientes.online\/wp-content\/uploads\/2022\/04\/WhatsApp-Image-2022-04-06-at-7.14.53-PM.jpeg?fit=1199%2C628&ssl=1","jetpack-related-posts":[],"jetpack_sharing_enabled":true,"jetpack_likes_enabled":true,"_links":{"self":[{"href":"https:\/\/informativoelvalledeaguascalientes.online\/index.php?rest_route=\/wp\/v2\/posts\/29407","targetHints":{"allow":["GET"]}}],"collection":[{"href":"https:\/\/informativoelvalledeaguascalientes.online\/index.php?rest_route=\/wp\/v2\/posts"}],"about":[{"href":"https:\/\/informativoelvalledeaguascalientes.online\/index.php?rest_route=\/wp\/v2\/types\/post"}],"author":[{"embeddable":true,"href":"https:\/\/informativoelvalledeaguascalientes.online\/index.php?rest_route=\/wp\/v2\/users\/1"}],"replies":[{"embeddable":true,"href":"https:\/\/informativoelvalledeaguascalientes.online\/index.php?rest_route=%2Fwp%2Fv2%2Fcomments&post=29407"}],"version-history":[{"count":1,"href":"https:\/\/informativoelvalledeaguascalientes.online\/index.php?rest_route=\/wp\/v2\/posts\/29407\/revisions"}],"predecessor-version":[{"id":29410,"href":"https:\/\/informativoelvalledeaguascalientes.online\/index.php?rest_route=\/wp\/v2\/posts\/29407\/revisions\/29410"}],"wp:featuredmedia":[{"embeddable":true,"href":"https:\/\/informativoelvalledeaguascalientes.online\/index.php?rest_route=\/wp\/v2\/media\/29409"}],"wp:attachment":[{"href":"https:\/\/informativoelvalledeaguascalientes.online\/index.php?rest_route=%2Fwp%2Fv2%2Fmedia&parent=29407"}],"wp:term":[{"taxonomy":"category","embeddable":true,"href":"https:\/\/informativoelvalledeaguascalientes.online\/index.php?rest_route=%2Fwp%2Fv2%2Fcategories&post=29407"},{"taxonomy":"post_tag","embeddable":true,"href":"https:\/\/informativoelvalledeaguascalientes.online\/index.php?rest_route=%2Fwp%2Fv2%2Ftags&post=29407"}],"curies":[{"name":"wp","href":"https:\/\/api.w.org\/{rel}","templated":true}]}}