{"id":29405,"date":"2022-04-06T23:02:11","date_gmt":"2022-04-07T05:02:11","guid":{"rendered":"https:\/\/informativoelvalledeaguascalientes.online\/?p=29405"},"modified":"2022-04-06T23:02:11","modified_gmt":"2022-04-07T05:02:11","slug":"aguascalientes-en-los-primeros-tres-lugares-a-nivel-nacional-en-seguridad-paz-y-justicia","status":"publish","type":"post","link":"https:\/\/informativoelvalledeaguascalientes.online\/?p=29405","title":{"rendered":"AGUASCALIENTES EN LOS PRIMEROS TRES LUGARES A NIVEL NACIONAL EN SEGURIDAD, PAZ, Y JUSTICIA"},"content":{"rendered":"<p style=\"font-weight: 400;\"><strong>#informativoelvalledeaguascalientes , #novaradioaguascalientes<br \/>\n<\/strong><\/p>\n<ul>\n<li style=\"font-weight: 400;\"><strong><em>Seg\u00fan datos del primer trimestre 2022 de la Agenda 2030 para el Desarrollo Sostenible, el estado destaca tambi\u00e9n en Progreso Social y Equidad-Igualdad<\/em><\/strong><\/li>\n<\/ul>\n<p style=\"font-weight: 400;\">\n<p style=\"font-weight: 400;\">Durante la revisi\u00f3n trimestral de la Agenda 2030 para el Desarrollo Sostenible, encabezada por el secretario general de Gobierno, Juan Manuel Flores Femat, se inform\u00f3 que Aguascalientes destaca en el \u00e1mbito nacional en diversos indicadores como, destacando que en Desempe\u00f1o Ambiental se posiciona en el primer lugar, mientras que en Justicia Estado de Derecho e \u00cdndice de Paz y Seguridad, se ubica en el segundo lugar.<\/p>\n<p style=\"font-weight: 400;\">\n<p style=\"font-weight: 400;\">El secretario t\u00e9cnico del Consejo Estatal de Aguascalientes para la Agenda 2030 de las Naciones Unidas, Eugenio Herrera Nu\u00f1o, explic\u00f3 que otros indicadores en los que el estado mantiene buenos lugares de entre todas las entidades federativas, son Progreso Social, \u00cdndice Democr\u00e1tico, y Equidad-Igualdad, aspectos en los que se mantiene en tercer lugar a nacional.<\/p>\n<p style=\"font-weight: 400;\">\n<p style=\"font-weight: 400;\">La Agenda 2030 es el resultado del proceso de consultas m\u00e1s amplio y participativo de la historia de las Naciones Unidas, y representa el consenso entre gobiernos y actores como la sociedad civil, el sector privado y la academia, compromiso asumido por la administraci\u00f3n estatal para realizar lo que le corresponde en este tema.<\/p>\n<p style=\"font-weight: 400;\">\n<p style=\"font-weight: 400;\">En la reuni\u00f3n tambi\u00e9n participaron la directora general del Instituto Aguascalentense de la Juventud, Ruth Guzm\u00e1n Cuevas; el secretario de Sustentabilidad, Medio Ambiente y Agua; as\u00ed como rectores de universidades, y representantes del sector acad\u00e9mico, privado y social del estado.<\/p>\n","protected":false},"excerpt":{"rendered":"<p>#informativoelvalledeaguascalientes , #novaradioaguascalientes Seg\u00fan datos del primer trimestre 2022 de la Agenda 2030 para el Desarrollo Sostenible, el estado destaca tambi\u00e9n en Progreso Social y Equidad-Igualdad Durante la revisi\u00f3n trimestral de la Agenda 2030 para el Desarrollo Sostenible, encabezada por el secretario general de Gobierno, Juan Manuel Flores Femat, se inform\u00f3 que Aguascalientes destaca en [&hellip;]<\/p>\n","protected":false},"author":1,"featured_media":29406,"comment_status":"closed","ping_status":"open","sticky":false,"template":"","format":"standard","meta":{"advanced_seo_description":"","jetpack_seo_html_title":"","jetpack_seo_noindex":false,"_jetpack_memberships_contains_paid_content":false,"footnotes":"","jetpack_publicize_message":"","jetpack_publicize_feature_enabled":true,"jetpack_social_post_already_shared":true,"jetpack_social_options":{"image_generator_settings":{"template":"highway","default_image_id":0,"font":"","enabled":false},"version":2}},"categories":[21,4],"tags":[22,51],"class_list":["post-29405","post","type-post","status-publish","format-standard","has-post-thumbnail","hentry","category-aguascalientes","category-gobierno-del-estado-aguascalientes","tag-aguascalientes","tag-seggob"],"jetpack_publicize_connections":[],"jetpack_featured_media_url":"https:\/\/i0.wp.com\/informativoelvalledeaguascalientes.online\/wp-content\/uploads\/2022\/04\/04-Agenda-2030.jpg?fit=2096%2C1397&ssl=1","jetpack-related-posts":[],"jetpack_sharing_enabled":true,"jetpack_likes_enabled":true,"_links":{"self":[{"href":"https:\/\/informativoelvalledeaguascalientes.online\/index.php?rest_route=\/wp\/v2\/posts\/29405","targetHints":{"allow":["GET"]}}],"collection":[{"href":"https:\/\/informativoelvalledeaguascalientes.online\/index.php?rest_route=\/wp\/v2\/posts"}],"about":[{"href":"https:\/\/informativoelvalledeaguascalientes.online\/index.php?rest_route=\/wp\/v2\/types\/post"}],"author":[{"embeddable":true,"href":"https:\/\/informativoelvalledeaguascalientes.online\/index.php?rest_route=\/wp\/v2\/users\/1"}],"replies":[{"embeddable":true,"href":"https:\/\/informativoelvalledeaguascalientes.online\/index.php?rest_route=%2Fwp%2Fv2%2Fcomments&post=29405"}],"version-history":[{"count":1,"href":"https:\/\/informativoelvalledeaguascalientes.online\/index.php?rest_route=\/wp\/v2\/posts\/29405\/revisions"}],"predecessor-version":[{"id":29408,"href":"https:\/\/informativoelvalledeaguascalientes.online\/index.php?rest_route=\/wp\/v2\/posts\/29405\/revisions\/29408"}],"wp:featuredmedia":[{"embeddable":true,"href":"https:\/\/informativoelvalledeaguascalientes.online\/index.php?rest_route=\/wp\/v2\/media\/29406"}],"wp:attachment":[{"href":"https:\/\/informativoelvalledeaguascalientes.online\/index.php?rest_route=%2Fwp%2Fv2%2Fmedia&parent=29405"}],"wp:term":[{"taxonomy":"category","embeddable":true,"href":"https:\/\/informativoelvalledeaguascalientes.online\/index.php?rest_route=%2Fwp%2Fv2%2Fcategories&post=29405"},{"taxonomy":"post_tag","embeddable":true,"href":"https:\/\/informativoelvalledeaguascalientes.online\/index.php?rest_route=%2Fwp%2Fv2%2Ftags&post=29405"}],"curies":[{"name":"wp","href":"https:\/\/api.w.org\/{rel}","templated":true}]}}