{"id":2933,"date":"2020-02-13T20:29:38","date_gmt":"2020-02-14T02:29:38","guid":{"rendered":"https:\/\/informativoelvalledeaguascalientes.online\/?p=2933"},"modified":"2020-02-13T20:29:38","modified_gmt":"2020-02-14T02:29:38","slug":"sedeso-y-gobierno-municipal-entregaron-calentadores-solares-a-familias-calvillenses","status":"publish","type":"post","link":"https:\/\/informativoelvalledeaguascalientes.online\/?p=2933","title":{"rendered":"SEDESO y gobierno municipal entregaron calentadores solares a familias calvillenses"},"content":{"rendered":"<div>Este jueves 13 en el Sal\u00f3n del Parque Infantil, familias de Calvillo recibieron calentadores solares que beneficiar\u00e1n su econom\u00eda familiar al reducir su consumo de gas, ayudar\u00e1n a cuidar el medio ambiente aprovechando la energ\u00eda solar y elevar\u00e1n su calidad de vida.<\/div>\n<div>\nPaulo Mart\u00ednez L\u00f3pez, secretario de Desarrollo Social (SEDESO) del gobierno del estado de \u00a0Aguascalientes; Ad\u00e1n Valdivia L\u00f3pez, presidente municipal; y Alfredo Garc\u00eda Mart\u00ednez, secretario de Desarrollo Social municipal refrendaron el compromiso de seguir haciendo equipo para realizar acciones conjuntas que atiendan las necesidades de los calvillenses.<\/div>\n","protected":false},"excerpt":{"rendered":"<p>Este jueves 13 en el Sal\u00f3n del Parque Infantil, familias de Calvillo recibieron calentadores solares que beneficiar\u00e1n su econom\u00eda familiar al reducir su consumo de gas, ayudar\u00e1n a cuidar el medio ambiente aprovechando la energ\u00eda solar y elevar\u00e1n su calidad de vida. Paulo Mart\u00ednez L\u00f3pez, secretario de Desarrollo Social (SEDESO) del gobierno del estado de [&hellip;]<\/p>\n","protected":false},"author":1,"featured_media":2934,"comment_status":"closed","ping_status":"open","sticky":false,"template":"","format":"standard","meta":{"advanced_seo_description":"","jetpack_seo_html_title":"","jetpack_seo_noindex":false,"_jetpack_memberships_contains_paid_content":false,"footnotes":"","jetpack_publicize_message":"","jetpack_publicize_feature_enabled":true,"jetpack_social_post_already_shared":true,"jetpack_social_options":{"image_generator_settings":{"template":"highway","default_image_id":0,"font":"","enabled":false},"version":2}},"categories":[21,13,4],"tags":[22,29,24],"class_list":["post-2933","post","type-post","status-publish","format-standard","has-post-thumbnail","hentry","category-aguascalientes","category-calvillo-aguascalientes","category-gobierno-del-estado-aguascalientes","tag-aguascalientes","tag-calvillo-aguascalientes","tag-sedeso"],"jetpack_publicize_connections":[],"jetpack_featured_media_url":"https:\/\/i0.wp.com\/informativoelvalledeaguascalientes.online\/wp-content\/uploads\/2020\/02\/calvillo_solares_13022020.jpg?fit=873%2C582&ssl=1","jetpack-related-posts":[],"jetpack_sharing_enabled":true,"jetpack_likes_enabled":true,"_links":{"self":[{"href":"https:\/\/informativoelvalledeaguascalientes.online\/index.php?rest_route=\/wp\/v2\/posts\/2933","targetHints":{"allow":["GET"]}}],"collection":[{"href":"https:\/\/informativoelvalledeaguascalientes.online\/index.php?rest_route=\/wp\/v2\/posts"}],"about":[{"href":"https:\/\/informativoelvalledeaguascalientes.online\/index.php?rest_route=\/wp\/v2\/types\/post"}],"author":[{"embeddable":true,"href":"https:\/\/informativoelvalledeaguascalientes.online\/index.php?rest_route=\/wp\/v2\/users\/1"}],"replies":[{"embeddable":true,"href":"https:\/\/informativoelvalledeaguascalientes.online\/index.php?rest_route=%2Fwp%2Fv2%2Fcomments&post=2933"}],"version-history":[{"count":1,"href":"https:\/\/informativoelvalledeaguascalientes.online\/index.php?rest_route=\/wp\/v2\/posts\/2933\/revisions"}],"predecessor-version":[{"id":2935,"href":"https:\/\/informativoelvalledeaguascalientes.online\/index.php?rest_route=\/wp\/v2\/posts\/2933\/revisions\/2935"}],"wp:featuredmedia":[{"embeddable":true,"href":"https:\/\/informativoelvalledeaguascalientes.online\/index.php?rest_route=\/wp\/v2\/media\/2934"}],"wp:attachment":[{"href":"https:\/\/informativoelvalledeaguascalientes.online\/index.php?rest_route=%2Fwp%2Fv2%2Fmedia&parent=2933"}],"wp:term":[{"taxonomy":"category","embeddable":true,"href":"https:\/\/informativoelvalledeaguascalientes.online\/index.php?rest_route=%2Fwp%2Fv2%2Fcategories&post=2933"},{"taxonomy":"post_tag","embeddable":true,"href":"https:\/\/informativoelvalledeaguascalientes.online\/index.php?rest_route=%2Fwp%2Fv2%2Ftags&post=2933"}],"curies":[{"name":"wp","href":"https:\/\/api.w.org\/{rel}","templated":true}]}}