{"id":29324,"date":"2022-04-05T12:09:56","date_gmt":"2022-04-05T18:09:56","guid":{"rendered":"https:\/\/informativoelvalledeaguascalientes.online\/?p=29324"},"modified":"2022-04-05T12:09:56","modified_gmt":"2022-04-05T18:09:56","slug":"invertir-en-la-educacion-hoy-es-invertir-en-el-futuro-de-aguascalientes-tere-jimenez","status":"publish","type":"post","link":"https:\/\/informativoelvalledeaguascalientes.online\/?p=29324","title":{"rendered":"INVERTIR EN LA EDUCACI\u00d3N HOY, ES INVERTIR EN EL FUTURO DE AGUASCALIENTES: TERE JIM\u00c9NEZ"},"content":{"rendered":"<p><strong>#informativoelvalledeaguascalientes , #novaradioaguascalientes<br \/>\n<\/strong><\/p>\n<p>Tere Jim\u00e9nez Candidata de la Coalici\u00f3n \u201cVa por Aguascalientes\u201d se comprometi\u00f3 a reforzar el sistema Educativo local; actualmente en el Estado laboran 24 mil 780 maestros, dijo que pensando en ellos su administraci\u00f3n proyecta Becas de capacitaci\u00f3n no solo para que lo hagan en Aguascalientes sino a nivel Internacional.<\/p>\n<p>&nbsp;<\/p>\n<p>Se\u00f1al\u00f3 que los docentes deben estar preparados para los cambios que exige la actualidad pues son ellos el primer escalaf\u00f3n de una sociedad bien preparada y competitiva.<\/p>\n<p>&nbsp;<\/p>\n<p>Tere Jim\u00e9nez se dijo ocupada en acercar becas a los j\u00f3venes para que puedan concluir sus estudios hasta nivel universitario, se\u00f1al\u00f3 que muchos de ellos tienen que abandonar sus sue\u00f1os por apoyar el d\u00eda a d\u00eda de su familia; de ah\u00ed que su administraci\u00f3n entregar\u00e1 est\u00edmulos para que los j\u00f3venes no abandonen su secundaria, prepa o universidad. Estos apoyos incluyen tambi\u00e9n el de movilidad para que de otros municipios puedan trasladarse a la ciudad y el de hospedaje para quienes as\u00ed lo requieran para lo cual se crear\u00e1 la pulsera del estudiante que facilitar\u00e1 a los estudiantes continuar con su formaci\u00f3n acad\u00e9mica.<\/p>\n<p>&nbsp;<\/p>\n<p>La entrega de tablets a estudiantes de secundaria y preparatoria as\u00ed como la\u00a0 activaci\u00f3n de internet en todo el estado permitir\u00e1n tambi\u00e9n que los estudiantes de todo Aguascalientes puedan acceder a m\u00e1s herramientas para su formaci\u00f3n.<\/p>\n<p>&nbsp;<\/p>\n<p>\u201cUna educaci\u00f3n de primer Mundo con miras a un Aguascalientes competitivo ser\u00e1 mi mayor compromiso, pues invertir en la educaci\u00f3n de hoy representa consolidar el futuro de Aguascalientes\u201d, dijo Tere Jim\u00e9nez<\/p>\n","protected":false},"excerpt":{"rendered":"<p>#informativoelvalledeaguascalientes , #novaradioaguascalientes Tere Jim\u00e9nez Candidata de la Coalici\u00f3n \u201cVa por Aguascalientes\u201d se comprometi\u00f3 a reforzar el sistema Educativo local; actualmente en el Estado laboran 24 mil 780 maestros, dijo que pensando en ellos su administraci\u00f3n proyecta Becas de capacitaci\u00f3n no solo para que lo hagan en Aguascalientes sino a nivel Internacional. &nbsp; Se\u00f1al\u00f3 que [&hellip;]<\/p>\n","protected":false},"author":1,"featured_media":29325,"comment_status":"closed","ping_status":"open","sticky":false,"template":"","format":"standard","meta":{"advanced_seo_description":"","jetpack_seo_html_title":"","jetpack_seo_noindex":false,"_jetpack_memberships_contains_paid_content":false,"footnotes":"","jetpack_publicize_message":"","jetpack_publicize_feature_enabled":true,"jetpack_social_post_already_shared":true,"jetpack_social_options":{"image_generator_settings":{"template":"highway","default_image_id":0,"font":"","enabled":false},"version":2}},"categories":[21,7],"tags":[22,23,43,320],"class_list":["post-29324","post","type-post","status-publish","format-standard","has-post-thumbnail","hentry","category-aguascalientes","category-pan-aguascalientes","tag-aguascalientes","tag-pan-aguascalientes","tag-pan-aguascalientes-cde","tag-tere-jimenez"],"jetpack_publicize_connections":[],"jetpack_featured_media_url":"https:\/\/i0.wp.com\/informativoelvalledeaguascalientes.online\/wp-content\/uploads\/2022\/04\/0513924d-2d6f-4661-9d1b-338e37330fea.jpg?fit=1600%2C1066&ssl=1","jetpack-related-posts":[],"jetpack_sharing_enabled":true,"jetpack_likes_enabled":true,"_links":{"self":[{"href":"https:\/\/informativoelvalledeaguascalientes.online\/index.php?rest_route=\/wp\/v2\/posts\/29324","targetHints":{"allow":["GET"]}}],"collection":[{"href":"https:\/\/informativoelvalledeaguascalientes.online\/index.php?rest_route=\/wp\/v2\/posts"}],"about":[{"href":"https:\/\/informativoelvalledeaguascalientes.online\/index.php?rest_route=\/wp\/v2\/types\/post"}],"author":[{"embeddable":true,"href":"https:\/\/informativoelvalledeaguascalientes.online\/index.php?rest_route=\/wp\/v2\/users\/1"}],"replies":[{"embeddable":true,"href":"https:\/\/informativoelvalledeaguascalientes.online\/index.php?rest_route=%2Fwp%2Fv2%2Fcomments&post=29324"}],"version-history":[{"count":1,"href":"https:\/\/informativoelvalledeaguascalientes.online\/index.php?rest_route=\/wp\/v2\/posts\/29324\/revisions"}],"predecessor-version":[{"id":29326,"href":"https:\/\/informativoelvalledeaguascalientes.online\/index.php?rest_route=\/wp\/v2\/posts\/29324\/revisions\/29326"}],"wp:featuredmedia":[{"embeddable":true,"href":"https:\/\/informativoelvalledeaguascalientes.online\/index.php?rest_route=\/wp\/v2\/media\/29325"}],"wp:attachment":[{"href":"https:\/\/informativoelvalledeaguascalientes.online\/index.php?rest_route=%2Fwp%2Fv2%2Fmedia&parent=29324"}],"wp:term":[{"taxonomy":"category","embeddable":true,"href":"https:\/\/informativoelvalledeaguascalientes.online\/index.php?rest_route=%2Fwp%2Fv2%2Fcategories&post=29324"},{"taxonomy":"post_tag","embeddable":true,"href":"https:\/\/informativoelvalledeaguascalientes.online\/index.php?rest_route=%2Fwp%2Fv2%2Ftags&post=29324"}],"curies":[{"name":"wp","href":"https:\/\/api.w.org\/{rel}","templated":true}]}}