{"id":29317,"date":"2022-04-04T17:24:20","date_gmt":"2022-04-04T23:24:20","guid":{"rendered":"https:\/\/informativoelvalledeaguascalientes.online\/?p=29317"},"modified":"2022-04-04T17:24:20","modified_gmt":"2022-04-04T23:24:20","slug":"colaboran-gobierno-del-estado-save-the-children-y-citi-en-la-erradicacion-del-trabajo-infantil","status":"publish","type":"post","link":"https:\/\/informativoelvalledeaguascalientes.online\/?p=29317","title":{"rendered":"COLABORAN GOBIERNO DEL ESTADO, SAVE THE CHILDREN Y CITI EN LA ERRADICACI\u00d3N DEL TRABAJO INFANTIL"},"content":{"rendered":"<p style=\"font-weight: 400;\"><strong>#informativoelvalledeaguascalientes , #novaradioaguascalientes<\/strong><\/p>\n<ul>\n<li style=\"font-weight: 400;\"><strong><em>Capacitar\u00e1n a inspectores de trabajo y servidores p\u00fablicos en estrategias de atenci\u00f3n inmediata y prevenci\u00f3n con apego a los derechos de la infancia<\/em><\/strong><\/li>\n<li style=\"font-weight: 400;\"><strong><em>Seg\u00fan la Encuesta Nacional de Trabajo Infantil 2019, el 12.4 por ciento de la poblaci\u00f3n entre 5 y 17 a\u00f1os desempe\u00f1a alguna actividad laboral<\/em><\/strong><\/li>\n<\/ul>\n<p style=\"font-weight: 400;\"><strong><em>\u00a0<\/em><\/strong><\/p>\n<p style=\"font-weight: 400;\">Colabora Gobierno del Estado de Aguascalientes con la asociaci\u00f3n civil \u201cSave the Children\u201d y la Red Nacional de la Comisi\u00f3n Intersecretarial para la Erradicaci\u00f3n del Trabajo Infantil (CITI), en el desarrollo y operaci\u00f3n de programas para la prevenci\u00f3n y erradicaci\u00f3n del trabajo infantil, a la par que se contribuye a garantizar los derechos de ni\u00f1as, ni\u00f1os y adolescentes, as\u00ed lo inform\u00f3 el secretario general de Gobierno, Juan Manuel Flores Femat.<\/p>\n<p style=\"font-weight: 400;\">\n<p style=\"font-weight: 400;\">Durante la firma de convenio de colaboraci\u00f3n, el responsable de la pol\u00edtica interna se\u00f1al\u00f3 que la protecci\u00f3n y respeto de los derechos de las y los menores es permanente y se trabaja cada d\u00eda en ello a trav\u00e9s de diferentes dependencias como el DIF Estatal y SIPINNA Aguascalientes.<\/p>\n<p style=\"font-weight: 400;\">\n<p style=\"font-weight: 400;\">Flores Femat refiri\u00f3 que si bien la Encuesta Nacional de Trabajo Infantil 2019 realizada por el INEGI, se\u00f1ala que en Aguascalientes el 12.4 por ciento de la poblaci\u00f3n entre 5 y 17 a\u00f1os realiza alg\u00fan tipo de trabajo, se trata m\u00e1s de una costumbre, toda vez que\u00a0 ya que de este porcentaje, muchos menores desempe\u00f1an alguna labora que se considere laboral en el negocio o la empresa familiar.<\/p>\n<p style=\"font-weight: 400;\">\n<p style=\"font-weight: 400;\">V\u00eda remota, la directora de Incidencia Pol\u00edtica y Temas Globales de \u201cSave the Children\u201d, explic\u00f3 que con este convenio, la colaboraci\u00f3n consistir\u00e1 en la capacitaci\u00f3n a inspectores laborales en la aplicaci\u00f3n del Protocolo de Inspecci\u00f3n en Materia de Erradicaci\u00f3n de Trabajo Infantil y Protecci\u00f3n al Trabajo Adolescente Permitido.<\/p>\n<p style=\"font-weight: 400;\">\n<p style=\"font-weight: 400;\">Tambi\u00e9n habr\u00e1 capacitaci\u00f3n a servidores p\u00fablicos sobre los derechos de ni\u00f1as, ni\u00f1os y adolescentes, y en materia de atenci\u00f3n inmediata y prevenci\u00f3n del trabajo infantil, adem\u00e1s de colaborar en el dise\u00f1o, implementaci\u00f3n y seguimiento de pol\u00edticas p\u00fablicas, planes y programas para la erradicaci\u00f3n del trabajo infantil.<\/p>\n<p style=\"font-weight: 400;\">\n<p style=\"font-weight: 400;\">Ambos coincidieron que el gobierno estatal en coordinaci\u00f3n con organismos y asociaciones civiles como \u201cSave the Children\u201d y la Red Nacional CITI, se fortalecen los esfuerzos y estrategias para prevenir y abatir el trabajo infantil en el estado, de manera que se espera que Aguascalientes descienda de la posici\u00f3n 11 en la que se sit\u00faa en la ENTI, con una considerable reducci\u00f3n de la tasa de trabajo infantil.<\/p>\n<p style=\"font-weight: 400;\">\n","protected":false},"excerpt":{"rendered":"<p>#informativoelvalledeaguascalientes , #novaradioaguascalientes Capacitar\u00e1n a inspectores de trabajo y servidores p\u00fablicos en estrategias de atenci\u00f3n inmediata y prevenci\u00f3n con apego a los derechos de la infancia Seg\u00fan la Encuesta Nacional de Trabajo Infantil 2019, el 12.4 por ciento de la poblaci\u00f3n entre 5 y 17 a\u00f1os desempe\u00f1a alguna actividad laboral \u00a0 Colabora Gobierno del Estado [&hellip;]<\/p>\n","protected":false},"author":1,"featured_media":29318,"comment_status":"closed","ping_status":"open","sticky":false,"template":"","format":"standard","meta":{"advanced_seo_description":"","jetpack_seo_html_title":"","jetpack_seo_noindex":false,"_jetpack_memberships_contains_paid_content":false,"footnotes":"","jetpack_publicize_message":"","jetpack_publicize_feature_enabled":true,"jetpack_social_post_already_shared":true,"jetpack_social_options":{"image_generator_settings":{"template":"highway","default_image_id":0,"font":"","enabled":false},"version":2}},"categories":[21,4],"tags":[22,51],"class_list":["post-29317","post","type-post","status-publish","format-standard","has-post-thumbnail","hentry","category-aguascalientes","category-gobierno-del-estado-aguascalientes","tag-aguascalientes","tag-seggob"],"jetpack_publicize_connections":[],"jetpack_featured_media_url":"https:\/\/i0.wp.com\/informativoelvalledeaguascalientes.online\/wp-content\/uploads\/2022\/04\/WhatsApp-Image-2022-04-04-at-10.59.32-AM.jpeg?fit=1280%2C853&ssl=1","jetpack-related-posts":[],"jetpack_sharing_enabled":true,"jetpack_likes_enabled":true,"_links":{"self":[{"href":"https:\/\/informativoelvalledeaguascalientes.online\/index.php?rest_route=\/wp\/v2\/posts\/29317","targetHints":{"allow":["GET"]}}],"collection":[{"href":"https:\/\/informativoelvalledeaguascalientes.online\/index.php?rest_route=\/wp\/v2\/posts"}],"about":[{"href":"https:\/\/informativoelvalledeaguascalientes.online\/index.php?rest_route=\/wp\/v2\/types\/post"}],"author":[{"embeddable":true,"href":"https:\/\/informativoelvalledeaguascalientes.online\/index.php?rest_route=\/wp\/v2\/users\/1"}],"replies":[{"embeddable":true,"href":"https:\/\/informativoelvalledeaguascalientes.online\/index.php?rest_route=%2Fwp%2Fv2%2Fcomments&post=29317"}],"version-history":[{"count":1,"href":"https:\/\/informativoelvalledeaguascalientes.online\/index.php?rest_route=\/wp\/v2\/posts\/29317\/revisions"}],"predecessor-version":[{"id":29320,"href":"https:\/\/informativoelvalledeaguascalientes.online\/index.php?rest_route=\/wp\/v2\/posts\/29317\/revisions\/29320"}],"wp:featuredmedia":[{"embeddable":true,"href":"https:\/\/informativoelvalledeaguascalientes.online\/index.php?rest_route=\/wp\/v2\/media\/29318"}],"wp:attachment":[{"href":"https:\/\/informativoelvalledeaguascalientes.online\/index.php?rest_route=%2Fwp%2Fv2%2Fmedia&parent=29317"}],"wp:term":[{"taxonomy":"category","embeddable":true,"href":"https:\/\/informativoelvalledeaguascalientes.online\/index.php?rest_route=%2Fwp%2Fv2%2Fcategories&post=29317"},{"taxonomy":"post_tag","embeddable":true,"href":"https:\/\/informativoelvalledeaguascalientes.online\/index.php?rest_route=%2Fwp%2Fv2%2Ftags&post=29317"}],"curies":[{"name":"wp","href":"https:\/\/api.w.org\/{rel}","templated":true}]}}