{"id":2918,"date":"2020-02-13T20:14:09","date_gmt":"2020-02-14T02:14:09","guid":{"rendered":"https:\/\/informativoelvalledeaguascalientes.online\/?p=2918"},"modified":"2020-02-13T20:14:09","modified_gmt":"2020-02-14T02:14:09","slug":"alista-la-seggob-operativos-especiales-para-ofrecer-condiciones-de-seguridad-en-la-fnsm-2020","status":"publish","type":"post","link":"https:\/\/informativoelvalledeaguascalientes.online\/?p=2918","title":{"rendered":"ALISTA LA SEGGOB OPERATIVOS ESPECIALES PARA OFRECER CONDICIONES DE SEGURIDAD EN LA FNSM 2020"},"content":{"rendered":"<ul>\n<li style=\"font-weight: 400;\"><strong><em>Protecci\u00f3n Civil y LOCATEL participar\u00e1n de manera activa y permanente durante los 23 d\u00edas de la verbena abrile\u00f1a<\/em><\/strong><\/li>\n<li style=\"font-weight: 400;\"><strong><em>La FNSM 2020 tendr\u00e1 las condiciones para desarrollarse en un ambiente de tranquilidad y seguridad para feriantes y visitantes<\/em><\/strong><\/li>\n<\/ul>\n<p style=\"font-weight: 400;\"><strong><em>\u00a0<\/em><\/strong><\/p>\n<p style=\"font-weight: 400;\">\n<p style=\"font-weight: 400;\">La secretaria General de Gobierno, Siomar Eline Estrada Cruz, se\u00f1al\u00f3 que la dependencia a su cargo se encuentra articulando la estrategia general para establecer las condiciones de seguridad a la poblaci\u00f3n del estado y los visitantes que asistan a la Feria Nacional de San Marcos (FNSM) en su edici\u00f3n 2020, de manera que se viva una verbena ordenada y con tranquilidad.<\/p>\n<p style=\"font-weight: 400;\">\n<p style=\"font-weight: 400;\">Durante una reuni\u00f3n con el secretario de Turismo, Humberto Javier Montero de Alba, la responsable de la pol\u00edtica interna resalt\u00f3 que tanto la Coordinaci\u00f3n Estatal de Protecci\u00f3n Civil como la Coordinaci\u00f3n del Servicio LOCATEL, se encuentran en la organizaci\u00f3n de un operativo especial que ser\u00e1 implementado permanentemente los 23 d\u00edas de la verbena abrile\u00f1a.<\/p>\n<p style=\"font-weight: 400;\">\n<p style=\"font-weight: 400;\">Estrada Cruz adelant\u00f3 que ha instruido a ambas dependencias para que se coordinen con las corporaciones de seguridad p\u00fablica, de salud, y en general con las \u00e1reas de los tres \u00f3rdenes de gobierno que participen en el desarrollo de la FNSM, a fin de instaurar un operativo que no s\u00f3lo sea reactivo, sino preventivo de alg\u00fan tipo de contingencia o incidente, y de esta forma se resguarde la integridad f\u00edsica de todas las personas que disfrutar\u00e1n de una feria segura.<\/p>\n<p style=\"font-weight: 400;\">\n<p style=\"font-weight: 400;\">Finalmente, la funcionaria explic\u00f3 que la dependencia a su cargo, ha tendido puentes de comunicaci\u00f3n con la Secretar\u00eda de Gobernaci\u00f3n para que los tr\u00e1mites y permisos que se lleven con ellos para la realizaci\u00f3n de la verbena, vayan por buen cauce.<\/p>\n<p style=\"font-weight: 400;\">\n","protected":false},"excerpt":{"rendered":"<p>Protecci\u00f3n Civil y LOCATEL participar\u00e1n de manera activa y permanente durante los 23 d\u00edas de la verbena abrile\u00f1a La FNSM 2020 tendr\u00e1 las condiciones para desarrollarse en un ambiente de tranquilidad y seguridad para feriantes y visitantes \u00a0 La secretaria General de Gobierno, Siomar Eline Estrada Cruz, se\u00f1al\u00f3 que la dependencia a su cargo se [&hellip;]<\/p>\n","protected":false},"author":1,"featured_media":2919,"comment_status":"closed","ping_status":"open","sticky":false,"template":"","format":"standard","meta":{"advanced_seo_description":"","jetpack_seo_html_title":"","jetpack_seo_noindex":false,"_jetpack_memberships_contains_paid_content":false,"footnotes":"","jetpack_publicize_message":"","jetpack_publicize_feature_enabled":true,"jetpack_social_post_already_shared":true,"jetpack_social_options":{"image_generator_settings":{"template":"highway","default_image_id":0,"font":"","enabled":false},"version":2}},"categories":[21,4],"tags":[22,34,51],"class_list":["post-2918","post","type-post","status-publish","format-standard","has-post-thumbnail","hentry","category-aguascalientes","category-gobierno-del-estado-aguascalientes","tag-aguascalientes","tag-sectur","tag-seggob"],"jetpack_publicize_connections":[],"jetpack_featured_media_url":"https:\/\/i0.wp.com\/informativoelvalledeaguascalientes.online\/wp-content\/uploads\/2020\/02\/seggob_13022020.jpg?fit=873%2C582&ssl=1","jetpack-related-posts":[],"jetpack_sharing_enabled":true,"jetpack_likes_enabled":true,"_links":{"self":[{"href":"https:\/\/informativoelvalledeaguascalientes.online\/index.php?rest_route=\/wp\/v2\/posts\/2918","targetHints":{"allow":["GET"]}}],"collection":[{"href":"https:\/\/informativoelvalledeaguascalientes.online\/index.php?rest_route=\/wp\/v2\/posts"}],"about":[{"href":"https:\/\/informativoelvalledeaguascalientes.online\/index.php?rest_route=\/wp\/v2\/types\/post"}],"author":[{"embeddable":true,"href":"https:\/\/informativoelvalledeaguascalientes.online\/index.php?rest_route=\/wp\/v2\/users\/1"}],"replies":[{"embeddable":true,"href":"https:\/\/informativoelvalledeaguascalientes.online\/index.php?rest_route=%2Fwp%2Fv2%2Fcomments&post=2918"}],"version-history":[{"count":1,"href":"https:\/\/informativoelvalledeaguascalientes.online\/index.php?rest_route=\/wp\/v2\/posts\/2918\/revisions"}],"predecessor-version":[{"id":2920,"href":"https:\/\/informativoelvalledeaguascalientes.online\/index.php?rest_route=\/wp\/v2\/posts\/2918\/revisions\/2920"}],"wp:featuredmedia":[{"embeddable":true,"href":"https:\/\/informativoelvalledeaguascalientes.online\/index.php?rest_route=\/wp\/v2\/media\/2919"}],"wp:attachment":[{"href":"https:\/\/informativoelvalledeaguascalientes.online\/index.php?rest_route=%2Fwp%2Fv2%2Fmedia&parent=2918"}],"wp:term":[{"taxonomy":"category","embeddable":true,"href":"https:\/\/informativoelvalledeaguascalientes.online\/index.php?rest_route=%2Fwp%2Fv2%2Fcategories&post=2918"},{"taxonomy":"post_tag","embeddable":true,"href":"https:\/\/informativoelvalledeaguascalientes.online\/index.php?rest_route=%2Fwp%2Fv2%2Ftags&post=2918"}],"curies":[{"name":"wp","href":"https:\/\/api.w.org\/{rel}","templated":true}]}}