{"id":28992,"date":"2022-03-29T21:16:23","date_gmt":"2022-03-30T03:16:23","guid":{"rendered":"https:\/\/informativoelvalledeaguascalientes.online\/?p=28992"},"modified":"2022-03-29T21:16:23","modified_gmt":"2022-03-30T03:16:23","slug":"entregan-lentes-a-mas-de-2-mil-ninas-y-ninos-de-aguascalientes-para-que-sigan-estudiando","status":"publish","type":"post","link":"https:\/\/informativoelvalledeaguascalientes.online\/?p=28992","title":{"rendered":"ENTREGAN LENTES A M\u00c1S DE 2 MIL NI\u00d1AS Y NI\u00d1OS DE AGUASCALIENTES PARA QUE SIGAN ESTUDIANDO\u00a0"},"content":{"rendered":"<p align=\"center\">\n<p role=\"presentation\">\u00b7<b><i>La Fundaci\u00f3n Ver Bien para Aprender Mejor realiz\u00f3 pruebas optom\u00e9tricas en 38 escuelas, donde 2 mil 400 estudiantes resultaron beneficiados con un par de anteojos<\/i><\/b><\/p>\n<p role=\"presentation\">\u00b7<b><i>El objetivo es promover la igualdad de oportunidades entre las y los estudiantes, para que sigan estudiando y mejoren su aprovechamiento escolar<\/i><\/b><\/p>\n<p><b><i>\u00a0<\/i><\/b><\/p>\n<p><span style=\"font-family: arial, sans-serif;\">En evento presidido por Yolanda Ram\u00edrez de Orozco, presidenta del Sistema DIF Estatal, alumnas y alumnos de educaci\u00f3n b\u00e1sica recibieron lentes del programa <i>Ver Bien para Aprender Mejor<\/i>, con la finalidad de coadyuvar a que corrijan su agudeza visual, sigan estudiando y mejoren su aprovechamiento escolar.<\/span><\/p>\n<p><span style=\"font-family: arial, sans-serif;\">Durante su mensaje, la presidenta del Sistema DIF Estatal se\u00f1al\u00f3 que gracias a dicha fundaci\u00f3n se otorgan anteojos de forma gratuita a ni\u00f1as, ni\u00f1os y adolescentes para ayudarles a que tengan una mejor calidad de vida. Acciones como \u00e9sta nos llenan de luz y esperanza, pues de manera comprometida, Gobierno del Estado y la sociedad civil, hacen equipo a favor de la ni\u00f1ez y la juventud, subray\u00f3.<\/span><\/p>\n<p><span style=\"font-family: arial, sans-serif;\">Por su parte, Ulises Reyes Esparza, director general del Instituto de Educaci\u00f3n de Aguascalientes (IEA), destac\u00f3 que se realizaron pruebas optom\u00e9tricas en 38 escuelas, donde 2 mil 400 estudiantes resultaron beneficiados con un par de anteojos. Somos afortunados de contar con aliados que nos ayudan a cumplir con la tarea educativa, a\u00f1adi\u00f3.<\/span><\/p>\n<p><span style=\"font-family: arial, sans-serif;\">Adem\u00e1s, en dicho evento, que se llev\u00f3 a cabo en la secundaria general n\u00famero 1 \u201cLic. Benito Ju\u00e1rez\u201d, el titular del IEA constat\u00f3 que las clases se realizan con la presencia del cien por ciento de alumnas y alumnos, quienes asisten para continuar sus actividades de aprendizaje, convivencia y socializaci\u00f3n, en un ambiente seguro, con las mejores condiciones posibles, precis\u00f3.<\/span><\/p>\n<p><span style=\"font-family: arial, sans-serif;\">En su momento, Jos\u00e9 Manuel Sarabia Montoya, director de operaci\u00f3n de la Fundaci\u00f3n <i>Ver Bien para Aprender Mejor<\/i>, hizo un reconocimiento a la comunidad educativa de Aguascalientes y dijo que el objetivo de esta entrega de lentes es promover la igualdad de oportunidades entre las y los estudiantes. Se\u00f1al\u00f3 que los anteojos que reciben ni\u00f1as, ni\u00f1os y adolescentes, son hechos especialmente para ellos.<\/span><\/p>\n","protected":false},"excerpt":{"rendered":"<p>\u00b7La Fundaci\u00f3n Ver Bien para Aprender Mejor realiz\u00f3 pruebas optom\u00e9tricas en 38 escuelas, donde 2 mil 400 estudiantes resultaron beneficiados con un par de anteojos \u00b7El objetivo es promover la igualdad de oportunidades entre las y los estudiantes, para que sigan estudiando y mejoren su aprovechamiento escolar \u00a0 En evento presidido por Yolanda Ram\u00edrez de [&hellip;]<\/p>\n","protected":false},"author":1,"featured_media":28998,"comment_status":"closed","ping_status":"open","sticky":false,"template":"","format":"standard","meta":{"advanced_seo_description":"","jetpack_seo_html_title":"","jetpack_seo_noindex":false,"_jetpack_memberships_contains_paid_content":false,"footnotes":"","jetpack_publicize_message":"","jetpack_publicize_feature_enabled":true,"jetpack_social_post_already_shared":true,"jetpack_social_options":{"image_generator_settings":{"template":"highway","default_image_id":0,"font":"","enabled":false},"version":2}},"categories":[21,4],"tags":[22,65,39],"class_list":["post-28992","post","type-post","status-publish","format-standard","has-post-thumbnail","hentry","category-aguascalientes","category-gobierno-del-estado-aguascalientes","tag-aguascalientes","tag-dif-estatal-aguascalientes","tag-iea"],"jetpack_publicize_connections":[],"jetpack_featured_media_url":"https:\/\/i0.wp.com\/informativoelvalledeaguascalientes.online\/wp-content\/uploads\/2022\/03\/IMG_4073.jpeg?fit=1280%2C853&ssl=1","jetpack-related-posts":[],"jetpack_sharing_enabled":true,"jetpack_likes_enabled":true,"_links":{"self":[{"href":"https:\/\/informativoelvalledeaguascalientes.online\/index.php?rest_route=\/wp\/v2\/posts\/28992","targetHints":{"allow":["GET"]}}],"collection":[{"href":"https:\/\/informativoelvalledeaguascalientes.online\/index.php?rest_route=\/wp\/v2\/posts"}],"about":[{"href":"https:\/\/informativoelvalledeaguascalientes.online\/index.php?rest_route=\/wp\/v2\/types\/post"}],"author":[{"embeddable":true,"href":"https:\/\/informativoelvalledeaguascalientes.online\/index.php?rest_route=\/wp\/v2\/users\/1"}],"replies":[{"embeddable":true,"href":"https:\/\/informativoelvalledeaguascalientes.online\/index.php?rest_route=%2Fwp%2Fv2%2Fcomments&post=28992"}],"version-history":[{"count":1,"href":"https:\/\/informativoelvalledeaguascalientes.online\/index.php?rest_route=\/wp\/v2\/posts\/28992\/revisions"}],"predecessor-version":[{"id":28999,"href":"https:\/\/informativoelvalledeaguascalientes.online\/index.php?rest_route=\/wp\/v2\/posts\/28992\/revisions\/28999"}],"wp:featuredmedia":[{"embeddable":true,"href":"https:\/\/informativoelvalledeaguascalientes.online\/index.php?rest_route=\/wp\/v2\/media\/28998"}],"wp:attachment":[{"href":"https:\/\/informativoelvalledeaguascalientes.online\/index.php?rest_route=%2Fwp%2Fv2%2Fmedia&parent=28992"}],"wp:term":[{"taxonomy":"category","embeddable":true,"href":"https:\/\/informativoelvalledeaguascalientes.online\/index.php?rest_route=%2Fwp%2Fv2%2Fcategories&post=28992"},{"taxonomy":"post_tag","embeddable":true,"href":"https:\/\/informativoelvalledeaguascalientes.online\/index.php?rest_route=%2Fwp%2Fv2%2Ftags&post=28992"}],"curies":[{"name":"wp","href":"https:\/\/api.w.org\/{rel}","templated":true}]}}