{"id":28982,"date":"2022-03-29T20:58:51","date_gmt":"2022-03-30T02:58:51","guid":{"rendered":"https:\/\/informativoelvalledeaguascalientes.online\/?p=28982"},"modified":"2022-03-29T20:58:51","modified_gmt":"2022-03-30T02:58:51","slug":"a-partir-del-lunes-estudiantes-de-secundarias-generales-pueden-registrarse-en-linea-para-nuevo-ingreso-a-prepas","status":"publish","type":"post","link":"https:\/\/informativoelvalledeaguascalientes.online\/?p=28982","title":{"rendered":"A PARTIR DEL LUNES ESTUDIANTES DE SECUNDARIAS GENERALES PUEDEN REGISTRARSE EN L\u00cdNEA PARA NUEVO INGRESO A PREPAS"},"content":{"rendered":"<p style=\"font-weight: 400;\">\n<p style=\"font-weight: 400;\">Del lunes 28 de marzo al viernes 1 de abril, alumnas y alumnos que cursan el tercer grado en secundarias generales, podr\u00e1n realizar su registro en l\u00ednea, a trav\u00e9s de la p\u00e1gina de internet\u00a0<a href=\"http:\/\/educacionmedia.iea.edu.mx\/\" data-saferedirecturl=\"https:\/\/www.google.com\/url?q=http:\/\/educacionmedia.iea.edu.mx&amp;source=gmail&amp;ust=1648695407581000&amp;usg=AOvVaw13r1EVIHGL2Zg5MEmbGit4\">educacionmedia.iea.edu.mx<\/a>, para solicitar ingreso a planteles p\u00fablicos de educaci\u00f3n media superior en el estado, se\u00f1al\u00f3 Ulises Reyes Esparza, director general del Instituto de Educaci\u00f3n de Aguascalientes (IEA).<\/p>\n<p style=\"font-weight: 400;\">Precis\u00f3 que previo a su registro, las y los estudiantes pueden consultar en dicho sitio web, la oferta educativa de bachillerato en Aguascalientes, con la finalidad de que analicen y comparen las diferentes opciones para continuar sus estudios en uno de los 170 planteles p\u00fablicos de educaci\u00f3n media superior.<\/p>\n<p style=\"font-weight: 400;\">Las y los aspirantes pueden solicitar m\u00e1s informaci\u00f3n comunic\u00e1ndose al\u00a0tel\u00e9fono 449 149 24 00 de la Subdirecci\u00f3n de Educaci\u00f3n Media Superior, de lunes a viernes en horario de 8:00 a 16:00 horas, tambi\u00e9n\u00a0consultar la convocatoria en\u00a0<a href=\"http:\/\/educacionmedia.iea.edu.mx\/\" data-saferedirecturl=\"https:\/\/www.google.com\/url?q=http:\/\/educacionmedia.iea.edu.mx&amp;source=gmail&amp;ust=1648695407581000&amp;usg=AOvVaw13r1EVIHGL2Zg5MEmbGit4\">educacionmedia.iea.edu.mx<\/a>.<\/p>\n","protected":false},"excerpt":{"rendered":"<p>Del lunes 28 de marzo al viernes 1 de abril, alumnas y alumnos que cursan el tercer grado en secundarias generales, podr\u00e1n realizar su registro en l\u00ednea, a trav\u00e9s de la p\u00e1gina de internet\u00a0educacionmedia.iea.edu.mx, para solicitar ingreso a planteles p\u00fablicos de educaci\u00f3n media superior en el estado, se\u00f1al\u00f3 Ulises Reyes Esparza, director general del Instituto [&hellip;]<\/p>\n","protected":false},"author":1,"featured_media":28983,"comment_status":"closed","ping_status":"open","sticky":false,"template":"","format":"standard","meta":{"advanced_seo_description":"","jetpack_seo_html_title":"","jetpack_seo_noindex":false,"_jetpack_memberships_contains_paid_content":false,"footnotes":"","jetpack_publicize_message":"","jetpack_publicize_feature_enabled":true,"jetpack_social_post_already_shared":true,"jetpack_social_options":{"image_generator_settings":{"template":"highway","default_image_id":0,"font":"","enabled":false},"version":2}},"categories":[21,4],"tags":[22,39],"class_list":["post-28982","post","type-post","status-publish","format-standard","has-post-thumbnail","hentry","category-aguascalientes","category-gobierno-del-estado-aguascalientes","tag-aguascalientes","tag-iea"],"jetpack_publicize_connections":[],"jetpack_featured_media_url":"https:\/\/i0.wp.com\/informativoelvalledeaguascalientes.online\/wp-content\/uploads\/2022\/03\/IMG_4090.jpeg?fit=1280%2C853&ssl=1","jetpack-related-posts":[],"jetpack_sharing_enabled":true,"jetpack_likes_enabled":true,"_links":{"self":[{"href":"https:\/\/informativoelvalledeaguascalientes.online\/index.php?rest_route=\/wp\/v2\/posts\/28982","targetHints":{"allow":["GET"]}}],"collection":[{"href":"https:\/\/informativoelvalledeaguascalientes.online\/index.php?rest_route=\/wp\/v2\/posts"}],"about":[{"href":"https:\/\/informativoelvalledeaguascalientes.online\/index.php?rest_route=\/wp\/v2\/types\/post"}],"author":[{"embeddable":true,"href":"https:\/\/informativoelvalledeaguascalientes.online\/index.php?rest_route=\/wp\/v2\/users\/1"}],"replies":[{"embeddable":true,"href":"https:\/\/informativoelvalledeaguascalientes.online\/index.php?rest_route=%2Fwp%2Fv2%2Fcomments&post=28982"}],"version-history":[{"count":1,"href":"https:\/\/informativoelvalledeaguascalientes.online\/index.php?rest_route=\/wp\/v2\/posts\/28982\/revisions"}],"predecessor-version":[{"id":28984,"href":"https:\/\/informativoelvalledeaguascalientes.online\/index.php?rest_route=\/wp\/v2\/posts\/28982\/revisions\/28984"}],"wp:featuredmedia":[{"embeddable":true,"href":"https:\/\/informativoelvalledeaguascalientes.online\/index.php?rest_route=\/wp\/v2\/media\/28983"}],"wp:attachment":[{"href":"https:\/\/informativoelvalledeaguascalientes.online\/index.php?rest_route=%2Fwp%2Fv2%2Fmedia&parent=28982"}],"wp:term":[{"taxonomy":"category","embeddable":true,"href":"https:\/\/informativoelvalledeaguascalientes.online\/index.php?rest_route=%2Fwp%2Fv2%2Fcategories&post=28982"},{"taxonomy":"post_tag","embeddable":true,"href":"https:\/\/informativoelvalledeaguascalientes.online\/index.php?rest_route=%2Fwp%2Fv2%2Ftags&post=28982"}],"curies":[{"name":"wp","href":"https:\/\/api.w.org\/{rel}","templated":true}]}}