{"id":28966,"date":"2022-03-29T20:36:57","date_gmt":"2022-03-30T02:36:57","guid":{"rendered":"https:\/\/informativoelvalledeaguascalientes.online\/?p=28966"},"modified":"2022-03-29T20:36:57","modified_gmt":"2022-03-30T02:36:57","slug":"cero-tolerancia-al-acoso-y-hostigamiento-sexual-en-las-instancias-de-gobierno-del-estado","status":"publish","type":"post","link":"https:\/\/informativoelvalledeaguascalientes.online\/?p=28966","title":{"rendered":"CERO TOLERANCIA AL ACOSO Y HOSTIGAMIENTO SEXUAL EN LAS INSTANCIAS DE GOBIERNO DEL ESTADO"},"content":{"rendered":"<p>&nbsp;<\/p>\n<ul>\n<li style=\"font-weight: 400;\"><strong><em>Se actualizaron las Unidades de Igualdad y G\u00e9nero de la PROESPA Y Patronato de la Feria<\/em><\/strong><\/li>\n<li style=\"font-weight: 400;\"><strong><em>Se revisar\u00e1n y actualizar\u00e1n las Unidades de Igualdad en la totalidad de las dependencias y entidades de gobierno estatal<\/em><\/strong><\/li>\n<\/ul>\n<p style=\"font-weight: 400;\">\n<p style=\"font-weight: 400;\">En cumplimiento a los acuerdos incluidos en la Agenda Ciudadana para el Reconocimiento y la Garant\u00eda de los Derechos Humanos de las Mujeres, entregada al Gobernador del Estado el pasado 8 de marzo, el Instituto Aguascalentense de las Mujeres (IAM), realizar\u00e1 una gira de actualizaci\u00f3n de integrantes y supervisi\u00f3n en la totalidad de las Unidades de Igualdad de G\u00e9nero que operan en las dependencias y entidades del gobierno estatal.<\/p>\n<p style=\"font-weight: 400;\">\n<p style=\"font-weight: 400;\">As\u00ed lo dio a conocer la directora general del Instituto Aguascalentense de las Mujeres (IAM), Edna Garc\u00eda Armer\u00eda, quien destac\u00f3 que la encomienda del ejecutivo estatal es de cero tolerancia al acoso y hostigamiento sexual dentro de las instancias de gobierno, raz\u00f3n por la cual se supervisar\u00e1 que est\u00e9n operando conforme a la Ley para la Igualdad entre Mujeres y Hombres del Estado de Aguascalientes.<\/p>\n<p style=\"font-weight: 400;\">\n<p style=\"font-weight: 400;\">La titular del IAM se\u00f1al\u00f3 que no solo se realiza la actualizaci\u00f3n de integrantes, reinstalaci\u00f3n de unidades y supervisi\u00f3n de los planes de trabajo, sino se ponen a disposici\u00f3n del personal, los cursos de capacitaci\u00f3n y herramientas de difusi\u00f3n interna de los mecanismos de denuncia y protocolos de atenci\u00f3n de los casos que pudieran presentarse.<\/p>\n<p style=\"font-weight: 400;\">\n<p style=\"font-weight: 400;\">Durante la semana se tom\u00f3 protesta a nuevos integrantes de las Unidades de Igualdad de G\u00e9nero de la Procuradur\u00eda Estatal de Protecci\u00f3n al Ambiente (PROESPA) y del Patronato de la Feria Nacional de San Marcos, encabezadas por sus titulares, H\u00e9ctor Eduardo Anaya P\u00e9rez y Jos\u00e9 \u00c1ngel Gonz\u00e1lez Serna, respectivamente.<\/p>\n<p style=\"font-weight: 400;\">\n<p style=\"font-weight: 400;\">En ambas instancias invit\u00f3 a las y los funcionarios a institucionalizar la perspectiva de g\u00e9nero en sus programas y acciones de trabajo.<\/p>\n","protected":false},"excerpt":{"rendered":"<p>&nbsp; Se actualizaron las Unidades de Igualdad y G\u00e9nero de la PROESPA Y Patronato de la Feria Se revisar\u00e1n y actualizar\u00e1n las Unidades de Igualdad en la totalidad de las dependencias y entidades de gobierno estatal En cumplimiento a los acuerdos incluidos en la Agenda Ciudadana para el Reconocimiento y la Garant\u00eda de los Derechos [&hellip;]<\/p>\n","protected":false},"author":1,"featured_media":28967,"comment_status":"closed","ping_status":"open","sticky":false,"template":"","format":"standard","meta":{"advanced_seo_description":"","jetpack_seo_html_title":"","jetpack_seo_noindex":false,"_jetpack_memberships_contains_paid_content":false,"footnotes":"","jetpack_publicize_message":"","jetpack_publicize_feature_enabled":true,"jetpack_social_post_already_shared":true,"jetpack_social_options":{"image_generator_settings":{"template":"highway","default_image_id":0,"font":"","enabled":false},"version":2}},"categories":[21,4],"tags":[22,57,86],"class_list":["post-28966","post","type-post","status-publish","format-standard","has-post-thumbnail","hentry","category-aguascalientes","category-gobierno-del-estado-aguascalientes","tag-aguascalientes","tag-iam","tag-proespa"],"jetpack_publicize_connections":[],"jetpack_featured_media_url":"https:\/\/i0.wp.com\/informativoelvalledeaguascalientes.online\/wp-content\/uploads\/2022\/03\/IAM-03-scaled.jpg?fit=2560%2C1452&ssl=1","jetpack-related-posts":[],"jetpack_sharing_enabled":true,"jetpack_likes_enabled":true,"_links":{"self":[{"href":"https:\/\/informativoelvalledeaguascalientes.online\/index.php?rest_route=\/wp\/v2\/posts\/28966","targetHints":{"allow":["GET"]}}],"collection":[{"href":"https:\/\/informativoelvalledeaguascalientes.online\/index.php?rest_route=\/wp\/v2\/posts"}],"about":[{"href":"https:\/\/informativoelvalledeaguascalientes.online\/index.php?rest_route=\/wp\/v2\/types\/post"}],"author":[{"embeddable":true,"href":"https:\/\/informativoelvalledeaguascalientes.online\/index.php?rest_route=\/wp\/v2\/users\/1"}],"replies":[{"embeddable":true,"href":"https:\/\/informativoelvalledeaguascalientes.online\/index.php?rest_route=%2Fwp%2Fv2%2Fcomments&post=28966"}],"version-history":[{"count":1,"href":"https:\/\/informativoelvalledeaguascalientes.online\/index.php?rest_route=\/wp\/v2\/posts\/28966\/revisions"}],"predecessor-version":[{"id":28969,"href":"https:\/\/informativoelvalledeaguascalientes.online\/index.php?rest_route=\/wp\/v2\/posts\/28966\/revisions\/28969"}],"wp:featuredmedia":[{"embeddable":true,"href":"https:\/\/informativoelvalledeaguascalientes.online\/index.php?rest_route=\/wp\/v2\/media\/28967"}],"wp:attachment":[{"href":"https:\/\/informativoelvalledeaguascalientes.online\/index.php?rest_route=%2Fwp%2Fv2%2Fmedia&parent=28966"}],"wp:term":[{"taxonomy":"category","embeddable":true,"href":"https:\/\/informativoelvalledeaguascalientes.online\/index.php?rest_route=%2Fwp%2Fv2%2Fcategories&post=28966"},{"taxonomy":"post_tag","embeddable":true,"href":"https:\/\/informativoelvalledeaguascalientes.online\/index.php?rest_route=%2Fwp%2Fv2%2Ftags&post=28966"}],"curies":[{"name":"wp","href":"https:\/\/api.w.org\/{rel}","templated":true}]}}