{"id":28752,"date":"2022-03-23T22:33:53","date_gmt":"2022-03-24T04:33:53","guid":{"rendered":"https:\/\/informativoelvalledeaguascalientes.online\/?p=28752"},"modified":"2022-03-23T22:33:53","modified_gmt":"2022-03-24T04:33:53","slug":"publica-iea-convocatoria-del-proceso-de-nuevo-ingreso-a-escuelas-normales-de-aguascalientes-ciclo-escolar-2022-2023","status":"publish","type":"post","link":"https:\/\/informativoelvalledeaguascalientes.online\/?p=28752","title":{"rendered":"PUBLICA IEA CONVOCATORIA DEL PROCESO DE NUEVO INGRESO A ESCUELAS NORMALES DE AGUASCALIENTES CICLO ESCOLAR 2022-2023"},"content":{"rendered":"<p align=\"center\">\n<p role=\"presentation\"><span style=\"font-family: arial, sans-serif;\">\u00b7<b><i>La convocatoria est\u00e1 publicada en la p\u00e1gina de internet <a href=\"http:\/\/www.iea.gob.mx\/\" target=\"_blank\" rel=\"noopener\" data-saferedirecturl=\"https:\/\/www.google.com\/url?q=http:\/\/www.iea.gob.mx&amp;source=gmail&amp;ust=1648180076987000&amp;usg=AOvVaw0dyu7M4DsNd-W0J2LbEWBS\">www.iea.gob.mx<\/a><\/i><\/b><\/span><\/p>\n<p role=\"presentation\"><span style=\"font-family: arial, sans-serif;\">\u00b7<b><i>La recepci\u00f3n de solicitudes se realizar\u00e1 del 26 de julio al 3 de agosto de 2022 en los Departamentos de Control Escolar de las Escuelas Normales y la UPN Unidad 011<\/i><\/b><\/span><\/p>\n<p role=\"presentation\"><span style=\"font-family: arial, sans-serif;\">\u00b7<b><i>Los resultados se publicar\u00e1n el martes 9 de agosto de 2022 en <a href=\"http:\/\/www.iea.gob.mx\/\" target=\"_blank\" rel=\"noopener\" data-saferedirecturl=\"https:\/\/www.google.com\/url?q=http:\/\/www.iea.gob.mx\/&amp;source=gmail&amp;ust=1648180076987000&amp;usg=AOvVaw2qboCLGBcAe-VGmyUq5dnN\">www.iea.gob.mx<\/a><u>, <\/u>en orden de prelaci\u00f3n y ser\u00e1n la base para determinar el ingreso de las y los estudiantes aceptados<\/i><\/b><\/span><\/p>\n<p><span style=\"font-family: arial, sans-serif;\">\u00a0<\/span><\/p>\n<p><span style=\"font-family: arial, sans-serif;\">El Instituto de Educaci\u00f3n de Aguascalientes (IEA) public\u00f3 a trav\u00e9s de la p\u00e1gina de internet<a href=\"http:\/\/www.iea.gob.mx\/\" target=\"_blank\" rel=\"noopener\" data-saferedirecturl=\"https:\/\/www.google.com\/url?q=http:\/\/www.iea.gob.mx&amp;source=gmail&amp;ust=1648180076987000&amp;usg=AOvVaw0dyu7M4DsNd-W0J2LbEWBS\"> www.iea.gob.mx<\/a> la convocatoria del proceso de selecci\u00f3n de estudiantes de nuevo ingreso a Escuelas Normales del estado y la Universidad Pedag\u00f3gica Nacional (UPN) Unidad 011, ciclo escolar 2022 2023, as\u00ed lo dio a conocer Ulises Reyes Esparza, director general de la dependencia.<\/span><\/p>\n<p><span style=\"font-family: arial, sans-serif;\">Destac\u00f3 que en las escuelas normales del estado, a trav\u00e9s de una oferta acad\u00e9mica de calidad, se forman las nuevas generaciones de docentes profesionales y comprometidos con la educaci\u00f3n de ni\u00f1as, ni\u00f1os y j\u00f3venes.<\/span><\/p>\n<p><span style=\"font-family: arial, sans-serif;\">Precis\u00f3 que la recepci\u00f3n de solicitudes se realizar\u00e1 del 26 de julio al 3 de agosto de 2022 en los Departamentos de Control Escolar de las Escuelas Normales y la UPN Unidad 011; las y los estudiantes deber\u00e1n entregar un expediente f\u00edsico que deber\u00e1 integrar los documentos que especifica la convocatoria.<\/span><\/p>\n<p><span style=\"font-family: arial, sans-serif;\">El titular del IEA se\u00f1al\u00f3 que a trav\u00e9s de la convocatoria se invita a egresados de <\/span>bachillerato y estudiantes pr\u00f3ximos a egresar de educaci\u00f3n media superior, a que participen en el proceso de selecci\u00f3n de alumnas y alumnos de nuevo ingreso a la Escuela Normal Superior Federal de Aguascalientes <i>Profr. Jos\u00e9 Santos Vald\u00e9s<\/i> (ENSFA), Escuela Normal de Aguascalientes (ENA), Escuela Normal Rural <i>Justo Sierra <\/i><i>M\u00e9ndez<\/i>, Escuela Normal de Rinc\u00f3n de Romos <i>Dr. Rafael Francisco <\/i><i>Aguilar Lomel\u00ed,<\/i> Centro Regional de Educaci\u00f3n Normal de Aguascalientes (CRENA), as\u00ed como la UPN Unidad 011.<\/p>\n<p><span style=\"font-family: arial, sans-serif;\">A\u00f1adi\u00f3 que los resultados se publicar\u00e1n en orden de prelaci\u00f3n y ser\u00e1n la base para determinar el ingreso de las y los estudiantes aceptados. La publicaci\u00f3n se realizar\u00e1 el martes 9 de agosto de 2022 en la p\u00e1gina de internet<a href=\"http:\/\/www.iea.gob.mx\/\" target=\"_blank\" rel=\"noopener\" data-saferedirecturl=\"https:\/\/www.google.com\/url?q=http:\/\/www.iea.gob.mx\/&amp;source=gmail&amp;ust=1648180076987000&amp;usg=AOvVaw2qboCLGBcAe-VGmyUq5dnN\"> www.iea.gob.mx<\/a>.<\/span><\/p>\n<p><span style=\"font-family: arial, sans-serif;\">Finalmente, el titular del IEA detall\u00f3 que de acuerdo a la convocatoria, las inscripciones ser\u00e1n del 15 al 19 de agosto de 2022 en cada escuela normal y la UPN Unidad 011.<\/span><\/p>\n<p><span style=\"font-family: arial, sans-serif;\">Para recibir m\u00e1s informaci\u00f3n, las y los interesados pueden acudir a las escuelas normales del estado, consultar la convocatoria en<a href=\"http:\/\/www.iea.gob.mx\/\" target=\"_blank\" rel=\"noopener\" data-saferedirecturl=\"https:\/\/www.google.com\/url?q=http:\/\/www.iea.gob.mx\/&amp;source=gmail&amp;ust=1648180076987000&amp;usg=AOvVaw2qboCLGBcAe-VGmyUq5dnN\"> www.iea.gob.mx<\/a>, o comunicarse a la Coordinaci\u00f3n de Instituciones Formadoras y Actualizadoras de Docentes de la Direcci\u00f3n de Educaci\u00f3n Media Superior y Superior del IEA, tel\u00e9fono 449 149 24 00 extensi\u00f3n 7825, de lunes a viernes en horario de 8:00 a 16:00 horas.<\/span><\/p>\n","protected":false},"excerpt":{"rendered":"<p>\u00b7La convocatoria est\u00e1 publicada en la p\u00e1gina de internet www.iea.gob.mx \u00b7La recepci\u00f3n de solicitudes se realizar\u00e1 del 26 de julio al 3 de agosto de 2022 en los Departamentos de Control Escolar de las Escuelas Normales y la UPN Unidad 011 \u00b7Los resultados se publicar\u00e1n el martes 9 de agosto de 2022 en www.iea.gob.mx, en [&hellip;]<\/p>\n","protected":false},"author":1,"featured_media":28756,"comment_status":"closed","ping_status":"open","sticky":false,"template":"","format":"standard","meta":{"advanced_seo_description":"","jetpack_seo_html_title":"","jetpack_seo_noindex":false,"_jetpack_memberships_contains_paid_content":false,"footnotes":"","jetpack_publicize_message":"","jetpack_publicize_feature_enabled":true,"jetpack_social_post_already_shared":true,"jetpack_social_options":{"image_generator_settings":{"template":"highway","default_image_id":0,"font":"","enabled":false},"version":2}},"categories":[21,4],"tags":[22,39],"class_list":["post-28752","post","type-post","status-publish","format-standard","has-post-thumbnail","hentry","category-aguascalientes","category-gobierno-del-estado-aguascalientes","tag-aguascalientes","tag-iea"],"jetpack_publicize_connections":[],"jetpack_featured_media_url":"https:\/\/i0.wp.com\/informativoelvalledeaguascalientes.online\/wp-content\/uploads\/2022\/03\/IMG_6047.jpeg?fit=1280%2C715&ssl=1","jetpack-related-posts":[],"jetpack_sharing_enabled":true,"jetpack_likes_enabled":true,"_links":{"self":[{"href":"https:\/\/informativoelvalledeaguascalientes.online\/index.php?rest_route=\/wp\/v2\/posts\/28752","targetHints":{"allow":["GET"]}}],"collection":[{"href":"https:\/\/informativoelvalledeaguascalientes.online\/index.php?rest_route=\/wp\/v2\/posts"}],"about":[{"href":"https:\/\/informativoelvalledeaguascalientes.online\/index.php?rest_route=\/wp\/v2\/types\/post"}],"author":[{"embeddable":true,"href":"https:\/\/informativoelvalledeaguascalientes.online\/index.php?rest_route=\/wp\/v2\/users\/1"}],"replies":[{"embeddable":true,"href":"https:\/\/informativoelvalledeaguascalientes.online\/index.php?rest_route=%2Fwp%2Fv2%2Fcomments&post=28752"}],"version-history":[{"count":1,"href":"https:\/\/informativoelvalledeaguascalientes.online\/index.php?rest_route=\/wp\/v2\/posts\/28752\/revisions"}],"predecessor-version":[{"id":28757,"href":"https:\/\/informativoelvalledeaguascalientes.online\/index.php?rest_route=\/wp\/v2\/posts\/28752\/revisions\/28757"}],"wp:featuredmedia":[{"embeddable":true,"href":"https:\/\/informativoelvalledeaguascalientes.online\/index.php?rest_route=\/wp\/v2\/media\/28756"}],"wp:attachment":[{"href":"https:\/\/informativoelvalledeaguascalientes.online\/index.php?rest_route=%2Fwp%2Fv2%2Fmedia&parent=28752"}],"wp:term":[{"taxonomy":"category","embeddable":true,"href":"https:\/\/informativoelvalledeaguascalientes.online\/index.php?rest_route=%2Fwp%2Fv2%2Fcategories&post=28752"},{"taxonomy":"post_tag","embeddable":true,"href":"https:\/\/informativoelvalledeaguascalientes.online\/index.php?rest_route=%2Fwp%2Fv2%2Ftags&post=28752"}],"curies":[{"name":"wp","href":"https:\/\/api.w.org\/{rel}","templated":true}]}}