{"id":2872,"date":"2020-02-12T18:21:39","date_gmt":"2020-02-13T00:21:39","guid":{"rendered":"https:\/\/informativoelvalledeaguascalientes.online\/?p=2872"},"modified":"2020-02-12T18:21:39","modified_gmt":"2020-02-13T00:21:39","slug":"elementos-de-la-marina-bomberos-y-el-binomio-canino-frida-entre-los-merecedores-a-la-medalla-al-merito-de-proteccion-civil-2019","status":"publish","type":"post","link":"https:\/\/informativoelvalledeaguascalientes.online\/?p=2872","title":{"rendered":"Elementos de la Marina, Bomberos, y el binomio canino Frida, entre los merecedores a la Medalla al M\u00e9rito de Protecci\u00f3n Civil 2019"},"content":{"rendered":"<div class=\"post-content\">\n<ul>\n<li><em>La Comisi\u00f3n de Protecci\u00f3n Civil y Gesti\u00f3n Integral de Riesgos del Congreso local aprob\u00f3 por unanimidad el dictamen para la entrega del galard\u00f3n<\/em><\/li>\n<\/ul>\n<p>La Comisi\u00f3n de Protecci\u00f3n Civil y Gesti\u00f3n Integral de Riesgos del Congreso de la Ciudad de M\u00e9xico aprob\u00f3 por unanimidad a los merecedores de la Medalla al M\u00e9rito de Protecci\u00f3n Civil 2019, entre quienes se encuentran elementos de la Marina Armada de M\u00e9xico, del Heroico Cuerpo de Bomberos, binomios caninos y empresas privadas.<\/p>\n<p>El presidente de esta comisi\u00f3n, diputado H\u00e9ctor Barrera Marmolejo (PAN), dijo que el galard\u00f3n es dedicado a las personas e instituciones comprometidas con la protecci\u00f3n civil, la mitigaci\u00f3n y la gesti\u00f3n integral de riesgos.<\/p>\n<p>\u201cTenemos a gente del Cuerpo de Bomberos que han arriesgado su vida para salvaguardar la de los dem\u00e1s; hay personal de la Marina que ha trabajado en favor de aplicar la prevenci\u00f3n de riesgos; tambi\u00e9n tenemos al sector empresarial como son salas de cine que est\u00e1n comprometidas con la protecci\u00f3n civil; asimismo est\u00e1n los binomios caninos y personas a las que, de manera p\u00f3stuma, se les recuerda por su labor en hechos ocurridos en el entonces Distrito Federal\u201d, explic\u00f3.<\/p>\n<p>Las y los 17 fueron merecedores considerados dentro del marco de la convocatoria y que cumplieron con los requisitos para obtener la Medalla al M\u00e9rito de Protecci\u00f3n Civil 2019 son:<\/p>\n<ul>\n<li>Juana Huitr\u00f3n Islas, de manera p\u00f3stuma, por haber sido la primer mujer Topo de rescate.<\/li>\n<\/ul>\n<ul>\n<li>Ra\u00fal S\u00e1nchez L\u00f3pez, Primer Inspector del H. Cuerpo de Bomberos.<\/li>\n<li>Franti Le\u00f3n Brito, Bombero Primero del H. Cuerpo de Bomberos.<\/li>\n<li>Maestra Miriam Urz\u00faa Venegas.<\/li>\n<li>Maestro Humberto Gonz\u00e1lez Arroyo.<\/li>\n<li>Grupo \u00a0Rescate Internacional 19 de Septiembre, presidente Juan David Ch\u00e1vez Huitr\u00f3n.<\/li>\n<li>Roberto Guadalupe Ca\u00f1as, por su trayectoria en el sector empresarial.<\/li>\n<li>Empresa Cin\u00e9polis.<\/li>\n<li>Empresa Cinemex.<\/li>\n<li>Miembros destacados del Equipo de B\u00fasqueda y Rescate Urbano de la Secretar\u00eda de Marina:\u00a0 Binomios caninos de rescate del Cuartel General del Alto Mando; as\u00ed como V\u00edctor Adri\u00e1n Ayala Cort\u00e9s, segundo Maestre; Ruth Baltazar Bola\u00f1os, Teniente de Corbeta; Renata Mart\u00ednez Leyva, Teniente de Corbeta; Israel Monterde Cervantes, Capit\u00e1n de Nav\u00edo; Amir Axel Ayala Ribera, Capit\u00e1n de Corbeta; Israel Arau Salinas, Segundo Maestre; binomio canino Cabo Guillermo Mora Almaraz y cabo Roc\u00edo Flores Flores, adem\u00e1s de la binomio canino Frida, \u00e9sta \u00faltima debido a su participaci\u00f3n en labores de rescate, no obstante su retiro laboral.<\/li>\n<\/ul>\n<\/div>\n","protected":false},"excerpt":{"rendered":"<p>La Comisi\u00f3n de Protecci\u00f3n Civil y Gesti\u00f3n Integral de Riesgos del Congreso local aprob\u00f3 por unanimidad el dictamen para la entrega del galard\u00f3n La Comisi\u00f3n de Protecci\u00f3n Civil y Gesti\u00f3n Integral de Riesgos del Congreso de la Ciudad de M\u00e9xico aprob\u00f3 por unanimidad a los merecedores de la Medalla al M\u00e9rito de Protecci\u00f3n Civil 2019, [&hellip;]<\/p>\n","protected":false},"author":1,"featured_media":2873,"comment_status":"closed","ping_status":"open","sticky":false,"template":"","format":"standard","meta":{"advanced_seo_description":"","jetpack_seo_html_title":"","jetpack_seo_noindex":false,"_jetpack_memberships_contains_paid_content":false,"footnotes":"","jetpack_publicize_message":"","jetpack_publicize_feature_enabled":true,"jetpack_social_post_already_shared":true,"jetpack_social_options":{"image_generator_settings":{"template":"highway","default_image_id":0,"font":"","enabled":false},"version":2}},"categories":[19],"tags":[166,165],"class_list":["post-2872","post","type-post","status-publish","format-standard","has-post-thumbnail","hentry","category-informacion-general","tag-br19","tag-ciudad-de-mexico"],"jetpack_publicize_connections":[],"jetpack_featured_media_url":"https:\/\/i0.wp.com\/informativoelvalledeaguascalientes.online\/wp-content\/uploads\/2020\/02\/congresomx_.jpg?fit=1140%2C747&ssl=1","jetpack-related-posts":[],"jetpack_sharing_enabled":true,"jetpack_likes_enabled":true,"_links":{"self":[{"href":"https:\/\/informativoelvalledeaguascalientes.online\/index.php?rest_route=\/wp\/v2\/posts\/2872","targetHints":{"allow":["GET"]}}],"collection":[{"href":"https:\/\/informativoelvalledeaguascalientes.online\/index.php?rest_route=\/wp\/v2\/posts"}],"about":[{"href":"https:\/\/informativoelvalledeaguascalientes.online\/index.php?rest_route=\/wp\/v2\/types\/post"}],"author":[{"embeddable":true,"href":"https:\/\/informativoelvalledeaguascalientes.online\/index.php?rest_route=\/wp\/v2\/users\/1"}],"replies":[{"embeddable":true,"href":"https:\/\/informativoelvalledeaguascalientes.online\/index.php?rest_route=%2Fwp%2Fv2%2Fcomments&post=2872"}],"version-history":[{"count":1,"href":"https:\/\/informativoelvalledeaguascalientes.online\/index.php?rest_route=\/wp\/v2\/posts\/2872\/revisions"}],"predecessor-version":[{"id":2874,"href":"https:\/\/informativoelvalledeaguascalientes.online\/index.php?rest_route=\/wp\/v2\/posts\/2872\/revisions\/2874"}],"wp:featuredmedia":[{"embeddable":true,"href":"https:\/\/informativoelvalledeaguascalientes.online\/index.php?rest_route=\/wp\/v2\/media\/2873"}],"wp:attachment":[{"href":"https:\/\/informativoelvalledeaguascalientes.online\/index.php?rest_route=%2Fwp%2Fv2%2Fmedia&parent=2872"}],"wp:term":[{"taxonomy":"category","embeddable":true,"href":"https:\/\/informativoelvalledeaguascalientes.online\/index.php?rest_route=%2Fwp%2Fv2%2Fcategories&post=2872"},{"taxonomy":"post_tag","embeddable":true,"href":"https:\/\/informativoelvalledeaguascalientes.online\/index.php?rest_route=%2Fwp%2Fv2%2Ftags&post=2872"}],"curies":[{"name":"wp","href":"https:\/\/api.w.org\/{rel}","templated":true}]}}