{"id":28315,"date":"2022-03-14T18:28:07","date_gmt":"2022-03-15T00:28:07","guid":{"rendered":"https:\/\/informativoelvalledeaguascalientes.online\/?p=28315"},"modified":"2022-03-14T18:28:07","modified_gmt":"2022-03-15T00:28:07","slug":"anuncia-issea-jornada-de-vacunacion-antirrabica-en-los-municipios-del-interior","status":"publish","type":"post","link":"https:\/\/informativoelvalledeaguascalientes.online\/?p=28315","title":{"rendered":"ANUNCIA ISSEA JORNADA DE VACUNACI\u00d3N ANTIRR\u00c1BICA EN LOS MUNICIPIOS DEL INTERIOR"},"content":{"rendered":"<p>&nbsp;<\/p>\n<ul>\n<li dir=\"ltr\">\n<p dir=\"ltr\" role=\"presentation\">Se han dispuesto 62 mil dosis antirr\u00e1bicas para aplicar a perros y gatos \u00fanicamente de los municipios que comprenden las Jurisdicciones Sanitarias 2 y 3<\/p>\n<\/li>\n<li dir=\"ltr\">\n<p dir=\"ltr\" role=\"presentation\">Estas vacunas antirr\u00e1bicas se estar\u00e1n aplicando de manera gratuita<\/p>\n<\/li>\n<li dir=\"ltr\">\n<p dir=\"ltr\" role=\"presentation\">En Calvillo, se estar\u00e1 vacunando del 18 al 25 de marzo en la Plaza Principal y en el resto de los ayuntamientos, se estar\u00e1n informando los lugares exactos donde se aplicar\u00e1n las dosis<\/p>\n<\/li>\n<\/ul>\n<p>&nbsp;<\/p>\n<p dir=\"ltr\">La Secretar\u00eda de Salud de Aguascalientes llevar\u00e1 a cabo durante los meses de marzo y abril, una Jornada Permanente de Vacunaci\u00f3n Antirr\u00e1bica exclusivamente en los municipios de Rinc\u00f3n de Romos, Pabell\u00f3n de Arteaga, San Jos\u00e9 de Gracia, Tepezal\u00e1, Asientos, Cos\u00edo y Calvillo.<\/p>\n<p>&nbsp;<\/p>\n<p dir=\"ltr\">El responsable del Programa de Zoonosis del Instituto de Servicios de Salud del Estado de Aguascalientes (ISSEA), Juan Manuel Pacheco Echeverr\u00eda, inform\u00f3 que se han dispuesto 62 mil dosis antirr\u00e1bicas para aplicar a perros y gatos \u00fanicamente de los municipios que comprenden las Jurisdicciones Sanitarias 2 y 3.<\/p>\n<p>&nbsp;<\/p>\n<p dir=\"ltr\">Dijo que estas vacunas antirr\u00e1bicas se estar\u00e1n aplicando de manera gratuita, por lo que los \u00fanico requisitos son que la mascota tenga m\u00e1s de un mes de vida y se encuentre sana.<\/p>\n<p>&nbsp;<\/p>\n<p dir=\"ltr\">En el caso del municipio de Calvillo, el personal de salud estar\u00e1 vacunando a los animales del 18 al 25 de marzo en la Plaza Principal, sin embargo, en lo que corresponde al resto de los ayuntamientos, se estar\u00e1n informando por diversos medios de comunicaci\u00f3n y difusi\u00f3n los lugares exactos donde se aplicar\u00e1n las dosis.<\/p>\n<p>&nbsp;<\/p>\n<p dir=\"ltr\">Agreg\u00f3 que la vacuna antirr\u00e1bica que se aplicar\u00e1 es de la m\u00e1s alta calidad, por lo que los due\u00f1os de las mascotas pueden tener la seguridad de que los animales recibir\u00e1n una atenci\u00f3n de calidad.<\/p>\n<p>&nbsp;<\/p>\n<p dir=\"ltr\">Invit\u00f3 a las personas que tengan mascotas en su casa, ya sean perros o gatos, para que est\u00e9n atentos y conozcan los lugares donde se estar\u00e1n aplicando las vacunas<\/p>\n<p>&nbsp;<\/p>\n<p dir=\"ltr\">Pacheco Echeverr\u00eda dijo que es muy importante vacunar a los animales, porque de esta forma se impide que el virus de la rabia se transmita a los humanos.<\/p>\n","protected":false},"excerpt":{"rendered":"<p>&nbsp; Se han dispuesto 62 mil dosis antirr\u00e1bicas para aplicar a perros y gatos \u00fanicamente de los municipios que comprenden las Jurisdicciones Sanitarias 2 y 3 Estas vacunas antirr\u00e1bicas se estar\u00e1n aplicando de manera gratuita En Calvillo, se estar\u00e1 vacunando del 18 al 25 de marzo en la Plaza Principal y en el resto de [&hellip;]<\/p>\n","protected":false},"author":1,"featured_media":28316,"comment_status":"closed","ping_status":"open","sticky":false,"template":"","format":"standard","meta":{"advanced_seo_description":"","jetpack_seo_html_title":"","jetpack_seo_noindex":false,"_jetpack_memberships_contains_paid_content":false,"footnotes":"","jetpack_publicize_message":"","jetpack_publicize_feature_enabled":true,"jetpack_social_post_already_shared":true,"jetpack_social_options":{"image_generator_settings":{"template":"highway","default_image_id":0,"font":"","enabled":false},"version":2}},"categories":[21,4],"tags":[22,30],"class_list":["post-28315","post","type-post","status-publish","format-standard","has-post-thumbnail","hentry","category-aguascalientes","category-gobierno-del-estado-aguascalientes","tag-aguascalientes","tag-issea"],"jetpack_publicize_connections":[],"jetpack_featured_media_url":"https:\/\/i0.wp.com\/informativoelvalledeaguascalientes.online\/wp-content\/uploads\/2022\/03\/VACUNACION-ANTIRRABICA-2.jpg?fit=640%2C480&ssl=1","jetpack-related-posts":[],"jetpack_sharing_enabled":true,"jetpack_likes_enabled":true,"_links":{"self":[{"href":"https:\/\/informativoelvalledeaguascalientes.online\/index.php?rest_route=\/wp\/v2\/posts\/28315","targetHints":{"allow":["GET"]}}],"collection":[{"href":"https:\/\/informativoelvalledeaguascalientes.online\/index.php?rest_route=\/wp\/v2\/posts"}],"about":[{"href":"https:\/\/informativoelvalledeaguascalientes.online\/index.php?rest_route=\/wp\/v2\/types\/post"}],"author":[{"embeddable":true,"href":"https:\/\/informativoelvalledeaguascalientes.online\/index.php?rest_route=\/wp\/v2\/users\/1"}],"replies":[{"embeddable":true,"href":"https:\/\/informativoelvalledeaguascalientes.online\/index.php?rest_route=%2Fwp%2Fv2%2Fcomments&post=28315"}],"version-history":[{"count":1,"href":"https:\/\/informativoelvalledeaguascalientes.online\/index.php?rest_route=\/wp\/v2\/posts\/28315\/revisions"}],"predecessor-version":[{"id":28317,"href":"https:\/\/informativoelvalledeaguascalientes.online\/index.php?rest_route=\/wp\/v2\/posts\/28315\/revisions\/28317"}],"wp:featuredmedia":[{"embeddable":true,"href":"https:\/\/informativoelvalledeaguascalientes.online\/index.php?rest_route=\/wp\/v2\/media\/28316"}],"wp:attachment":[{"href":"https:\/\/informativoelvalledeaguascalientes.online\/index.php?rest_route=%2Fwp%2Fv2%2Fmedia&parent=28315"}],"wp:term":[{"taxonomy":"category","embeddable":true,"href":"https:\/\/informativoelvalledeaguascalientes.online\/index.php?rest_route=%2Fwp%2Fv2%2Fcategories&post=28315"},{"taxonomy":"post_tag","embeddable":true,"href":"https:\/\/informativoelvalledeaguascalientes.online\/index.php?rest_route=%2Fwp%2Fv2%2Ftags&post=28315"}],"curies":[{"name":"wp","href":"https:\/\/api.w.org\/{rel}","templated":true}]}}