{"id":28175,"date":"2022-03-09T23:59:33","date_gmt":"2022-03-10T05:59:33","guid":{"rendered":"https:\/\/informativoelvalledeaguascalientes.online\/?p=28175"},"modified":"2022-03-09T23:59:33","modified_gmt":"2022-03-10T05:59:33","slug":"municipio-firma-acuerdo-de-colaboracion-a-favor-de-la-profesionalizacion-de-empresarias","status":"publish","type":"post","link":"https:\/\/informativoelvalledeaguascalientes.online\/?p=28175","title":{"rendered":"MUNICIPIO FIRMA ACUERDO DE COLABORACI\u00d3N A FAVOR DE LA PROFESIONALIZACI\u00d3N DE EMPRESARIAS"},"content":{"rendered":"<ul>\n<li><strong>Se brindar\u00e1 capacitaci\u00f3n y asistencia t\u00e9cnica a trav\u00e9s de MEMAC, AMEXME Y AMELAC para fortalecer negocios de emprendedoras<\/strong><\/li>\n<\/ul>\n<p>La Presidencia Municipal de Aguascalientes, a trav\u00e9s de la Secretar\u00eda de Econom\u00eda Social y Turismo Municipal (SETUM), firm\u00f3 un acuerdo de colaboraci\u00f3n con Mujeres Empresarias Mexicanas A.C. (MEMAC), Asociaci\u00f3n Mexicana de Mujeres Empresarias A.C. (AMEXME) y Asociaci\u00f3n de Mujeres Empresarias L\u00edderes de Am\u00e9rica y el Caribe A.C. (AMELAC), para la realizaci\u00f3n de un programa integral de profesionalizaci\u00f3n de empresarias que impulse la reactivaci\u00f3n de la econom\u00eda en la capital.<\/p>\n<p>A trav\u00e9s de acciones como capacitaci\u00f3n, difusi\u00f3n y asistencia t\u00e9cnica se promover\u00e1 el esp\u00edritu empresarial, la innovaci\u00f3n tecnol\u00f3gica para fortalecer los negocios de m\u00e1s mujeres emprendedoras.<\/p>\n<p>Luego de la firma en la que se cont\u00f3 adem\u00e1s con la participaci\u00f3n del S\u00edndico Procurador, as\u00ed como de la Secretar\u00eda del H. Ayuntamiento y Direcci\u00f3n General de Gobierno;<strong>\u00a0Erika Mu\u00f1oz Vidrio<\/strong>, presidenta de MEMAC;\u00a0<strong>Sof\u00eda Acosta Jaime<\/strong>, presidenta de AMEXME y\u00a0<strong>Ang\u00e9lica Ortega Trevi\u00f1o<\/strong>, presidenta de AMELAC coincidieron en la importancia de realizar alianzas con diversos \u00f3rdenes de gobierno para impulsar el crecimiento del sector empresarial.<\/p>\n","protected":false},"excerpt":{"rendered":"<p>Se brindar\u00e1 capacitaci\u00f3n y asistencia t\u00e9cnica a trav\u00e9s de MEMAC, AMEXME Y AMELAC para fortalecer negocios de emprendedoras La Presidencia Municipal de Aguascalientes, a trav\u00e9s de la Secretar\u00eda de Econom\u00eda Social y Turismo Municipal (SETUM), firm\u00f3 un acuerdo de colaboraci\u00f3n con Mujeres Empresarias Mexicanas A.C. (MEMAC), Asociaci\u00f3n Mexicana de Mujeres Empresarias A.C. (AMEXME) y Asociaci\u00f3n [&hellip;]<\/p>\n","protected":false},"author":1,"featured_media":28176,"comment_status":"closed","ping_status":"open","sticky":false,"template":"","format":"standard","meta":{"advanced_seo_description":"","jetpack_seo_html_title":"","jetpack_seo_noindex":false,"_jetpack_memberships_contains_paid_content":false,"footnotes":"","jetpack_publicize_message":"","jetpack_publicize_feature_enabled":true,"jetpack_social_post_already_shared":true,"jetpack_social_options":{"image_generator_settings":{"template":"highway","default_image_id":0,"font":"","enabled":false},"version":2}},"categories":[21,3],"tags":[22,25,124],"class_list":["post-28175","post","type-post","status-publish","format-standard","has-post-thumbnail","hentry","category-aguascalientes","category-municipio-aguascalientes","tag-aguascalientes","tag-mpio-aguascalientes","tag-mpio-aguascalientes-setum"],"jetpack_publicize_connections":[],"jetpack_featured_media_url":"https:\/\/i0.wp.com\/informativoelvalledeaguascalientes.online\/wp-content\/uploads\/2022\/03\/DSC_3118.jpg?fit=1620%2C1080&ssl=1","jetpack-related-posts":[],"jetpack_sharing_enabled":true,"jetpack_likes_enabled":true,"_links":{"self":[{"href":"https:\/\/informativoelvalledeaguascalientes.online\/index.php?rest_route=\/wp\/v2\/posts\/28175","targetHints":{"allow":["GET"]}}],"collection":[{"href":"https:\/\/informativoelvalledeaguascalientes.online\/index.php?rest_route=\/wp\/v2\/posts"}],"about":[{"href":"https:\/\/informativoelvalledeaguascalientes.online\/index.php?rest_route=\/wp\/v2\/types\/post"}],"author":[{"embeddable":true,"href":"https:\/\/informativoelvalledeaguascalientes.online\/index.php?rest_route=\/wp\/v2\/users\/1"}],"replies":[{"embeddable":true,"href":"https:\/\/informativoelvalledeaguascalientes.online\/index.php?rest_route=%2Fwp%2Fv2%2Fcomments&post=28175"}],"version-history":[{"count":1,"href":"https:\/\/informativoelvalledeaguascalientes.online\/index.php?rest_route=\/wp\/v2\/posts\/28175\/revisions"}],"predecessor-version":[{"id":28177,"href":"https:\/\/informativoelvalledeaguascalientes.online\/index.php?rest_route=\/wp\/v2\/posts\/28175\/revisions\/28177"}],"wp:featuredmedia":[{"embeddable":true,"href":"https:\/\/informativoelvalledeaguascalientes.online\/index.php?rest_route=\/wp\/v2\/media\/28176"}],"wp:attachment":[{"href":"https:\/\/informativoelvalledeaguascalientes.online\/index.php?rest_route=%2Fwp%2Fv2%2Fmedia&parent=28175"}],"wp:term":[{"taxonomy":"category","embeddable":true,"href":"https:\/\/informativoelvalledeaguascalientes.online\/index.php?rest_route=%2Fwp%2Fv2%2Fcategories&post=28175"},{"taxonomy":"post_tag","embeddable":true,"href":"https:\/\/informativoelvalledeaguascalientes.online\/index.php?rest_route=%2Fwp%2Fv2%2Ftags&post=28175"}],"curies":[{"name":"wp","href":"https:\/\/api.w.org\/{rel}","templated":true}]}}