{"id":27377,"date":"2022-02-14T15:44:46","date_gmt":"2022-02-14T21:44:46","guid":{"rendered":"https:\/\/informativoelvalledeaguascalientes.online\/?p=27377"},"modified":"2022-02-14T15:44:46","modified_gmt":"2022-02-14T21:44:46","slug":"anuncia-issea-nuevas-jornadas-de-esterilizacion-canina-y-felina-para-el-mes-de-febrero","status":"publish","type":"post","link":"https:\/\/informativoelvalledeaguascalientes.online\/?p=27377","title":{"rendered":"ANUNCIA ISSEA NUEVAS JORNADAS DE ESTERILIZACI\u00d3N CANINA Y FELINA PARA EL MES DE FEBRERO"},"content":{"rendered":"<ul>\n<li dir=\"ltr\">Se practicar\u00e1n \u00fanicamente alrededor de 60 al d\u00eda para perros y gatos, ya sean machos o hembras<\/li>\n<\/ul>\n<ul>\n<li dir=\"ltr\">\n<p dir=\"ltr\" role=\"presentation\">Se deber\u00e1 realizar cita previa v\u00eda telef\u00f3nica para agendar horario<\/p>\n<\/li>\n<\/ul>\n<p>&nbsp;<\/p>\n<p dir=\"ltr\">La Secretar\u00eda de Salud del Estado de Aguascalientes, en colaboraci\u00f3n con asociaciones civiles, los ayuntamientos de Jes\u00fas Mar\u00eda, Pabell\u00f3n de Arteaga y la Procuradur\u00eda Estatal de Protecci\u00f3n al Ambiente (PROESPA), anuncian nuevas jornadas de esterilizaci\u00f3n para el mes de febrero.<\/p>\n<p>&nbsp;<\/p>\n<p dir=\"ltr\">Las cirug\u00edas se realizar\u00e1n de manera gratuita, se recomienda hacer la cita con tiempo ya que se practicar\u00e1n \u00fanicamente alrededor de 60 al d\u00eda para perros y gatos, ya sean machos o hembras.<\/p>\n<p>&nbsp;<\/p>\n<p dir=\"ltr\">Los requisitos son: realizar una cita por tel\u00e9fono, presentarse el d\u00eda de la cita 15 minutos antes de la misma, llevar a las mascotas con un ayuno de 12 horas; para el caso de las hembras no deber\u00e1n estar en celo ni lactando; acudir s\u00f3lo una persona por mascota.<\/p>\n<p>&nbsp;<\/p>\n<p dir=\"ltr\">Por protocolo sanitario, no podr\u00e1n presentarse ni\u00f1os, adultos mayores o personas con alg\u00fan factor de riesgo.<\/p>\n<p>&nbsp;<\/p>\n<p dir=\"ltr\">Del 15 al 18 de febrero, se realizar\u00e1n en las instalaciones de las oficinas centrales del ISSEA, ubicadas en Margil de Jes\u00fas, n\u00famero 1501, fraccionamiento Arboledas. Las citas podr\u00e1n realizarse al 449 414 20 21.<\/p>\n<p>&nbsp;<\/p>\n<p dir=\"ltr\">Para el 21 de febrero, se efectuar\u00e1 en el municipio de Pabell\u00f3n de Arteaga, espec\u00edficamente en el domicilio ubicado en Heroico Colegio Militar n\u00famero 26, colonia Centro. Informes al 465 95 80 116 extensi\u00f3n 1438.<\/p>\n<p>&nbsp;<\/p>\n<p dir=\"ltr\">En lo que respecta del 22, 23, 24, 25, 28 de febrero y 1\u00ba de marzo, se realizar\u00e1n en colaboraci\u00f3n con el municipio de Jes\u00fas Mar\u00eda. Para m\u00e1s informes y solicitar cita, comunicarse al n\u00famero 449 963 85 12.<\/p>\n<p>&nbsp;<\/p>\n<p dir=\"ltr\">Cabe destacar que la Secretar\u00eda de Salud realiza de forma permanente diversas jornadas de esterilizaci\u00f3n a lo largo del a\u00f1o, con el objetivo de contribuir al control de los animales dom\u00e9sticos.<\/p>\n<p>&nbsp;<\/p>\n","protected":false},"excerpt":{"rendered":"<p>Se practicar\u00e1n \u00fanicamente alrededor de 60 al d\u00eda para perros y gatos, ya sean machos o hembras Se deber\u00e1 realizar cita previa v\u00eda telef\u00f3nica para agendar horario &nbsp; La Secretar\u00eda de Salud del Estado de Aguascalientes, en colaboraci\u00f3n con asociaciones civiles, los ayuntamientos de Jes\u00fas Mar\u00eda, Pabell\u00f3n de Arteaga y la Procuradur\u00eda Estatal de Protecci\u00f3n [&hellip;]<\/p>\n","protected":false},"author":1,"featured_media":27381,"comment_status":"closed","ping_status":"open","sticky":false,"template":"","format":"standard","meta":{"advanced_seo_description":"","jetpack_seo_html_title":"","jetpack_seo_noindex":false,"_jetpack_memberships_contains_paid_content":false,"footnotes":"","jetpack_publicize_message":"","jetpack_publicize_feature_enabled":true,"jetpack_social_post_already_shared":true,"jetpack_social_options":{"image_generator_settings":{"template":"highway","default_image_id":0,"font":"","enabled":false},"version":2}},"categories":[21,4],"tags":[22,30,86],"class_list":["post-27377","post","type-post","status-publish","format-standard","has-post-thumbnail","hentry","category-aguascalientes","category-gobierno-del-estado-aguascalientes","tag-aguascalientes","tag-issea","tag-proespa"],"jetpack_publicize_connections":[],"jetpack_featured_media_url":"https:\/\/i0.wp.com\/informativoelvalledeaguascalientes.online\/wp-content\/uploads\/2022\/02\/WhatsApp-Image-2021-07-19-at-2.48.02-PM-3-1.jpeg?fit=1280%2C853&ssl=1","jetpack-related-posts":[],"jetpack_sharing_enabled":true,"jetpack_likes_enabled":true,"_links":{"self":[{"href":"https:\/\/informativoelvalledeaguascalientes.online\/index.php?rest_route=\/wp\/v2\/posts\/27377","targetHints":{"allow":["GET"]}}],"collection":[{"href":"https:\/\/informativoelvalledeaguascalientes.online\/index.php?rest_route=\/wp\/v2\/posts"}],"about":[{"href":"https:\/\/informativoelvalledeaguascalientes.online\/index.php?rest_route=\/wp\/v2\/types\/post"}],"author":[{"embeddable":true,"href":"https:\/\/informativoelvalledeaguascalientes.online\/index.php?rest_route=\/wp\/v2\/users\/1"}],"replies":[{"embeddable":true,"href":"https:\/\/informativoelvalledeaguascalientes.online\/index.php?rest_route=%2Fwp%2Fv2%2Fcomments&post=27377"}],"version-history":[{"count":1,"href":"https:\/\/informativoelvalledeaguascalientes.online\/index.php?rest_route=\/wp\/v2\/posts\/27377\/revisions"}],"predecessor-version":[{"id":27382,"href":"https:\/\/informativoelvalledeaguascalientes.online\/index.php?rest_route=\/wp\/v2\/posts\/27377\/revisions\/27382"}],"wp:featuredmedia":[{"embeddable":true,"href":"https:\/\/informativoelvalledeaguascalientes.online\/index.php?rest_route=\/wp\/v2\/media\/27381"}],"wp:attachment":[{"href":"https:\/\/informativoelvalledeaguascalientes.online\/index.php?rest_route=%2Fwp%2Fv2%2Fmedia&parent=27377"}],"wp:term":[{"taxonomy":"category","embeddable":true,"href":"https:\/\/informativoelvalledeaguascalientes.online\/index.php?rest_route=%2Fwp%2Fv2%2Fcategories&post=27377"},{"taxonomy":"post_tag","embeddable":true,"href":"https:\/\/informativoelvalledeaguascalientes.online\/index.php?rest_route=%2Fwp%2Fv2%2Ftags&post=27377"}],"curies":[{"name":"wp","href":"https:\/\/api.w.org\/{rel}","templated":true}]}}