{"id":27372,"date":"2022-02-14T15:36:56","date_gmt":"2022-02-14T21:36:56","guid":{"rendered":"https:\/\/informativoelvalledeaguascalientes.online\/?p=27372"},"modified":"2022-02-14T15:36:56","modified_gmt":"2022-02-14T21:36:56","slug":"infectologos-del-chmh-investigan-sobre-secuelas-del-covid-19-en-ninos-con-comorbilidades","status":"publish","type":"post","link":"https:\/\/informativoelvalledeaguascalientes.online\/?p=27372","title":{"rendered":"INFECT\u00d3LOGOS DEL CHMH INVESTIGAN SOBRE SECUELAS DEL COVID-19 EN NI\u00d1OS CON COMORBILIDADES"},"content":{"rendered":"<p style=\"font-weight: 400;\"><strong>\u00a0<\/strong><\/p>\n<ul>\n<li style=\"font-weight: 400;\"><strong><em>Al menos el 10% de los menores que sufrieron cuadros graves de Covid-19, presentaron el S\u00edndrome Inflamatorio Multisist\u00e9mico Pedi\u00e1trico<\/em><\/strong><\/li>\n<li style=\"font-weight: 400;\"><strong><em>Se presenta a las tres o cuatro semanas despu\u00e9s de lograda la recuperaci\u00f3n del peque\u00f1o<\/em><\/strong><\/li>\n<li style=\"font-weight: 400;\"><strong><em>Los peque\u00f1os pacientes que presenten el s\u00edndrome deben recibir un manejo hospitalario avanzado y especializado.<\/em><\/strong><\/li>\n<li style=\"font-weight: 400;\"><strong><em>La automedicaci\u00f3n no es opci\u00f3n para la atenci\u00f3n de este s\u00edndrome<\/em><\/strong><\/li>\n<\/ul>\n<p style=\"font-weight: 400;\">\n<p style=\"font-weight: 400;\">Ante la identificaci\u00f3n del\u00a0<em>S\u00edndrome Inflamatorio Multisist\u00e9mico Pedi\u00e1trico<\/em>, secuela reportada en varias partes del mundo en infantes que padecieron cuadros graves por SARS-CoV-2, el Centenario Hospital Miguel Hidalgo (CHMH) est\u00e1 dando seguimiento a los casos que as\u00ed lo requieran.<\/p>\n<p style=\"font-weight: 400;\">\n<p style=\"font-weight: 400;\">V\u00edctor Antonio Monroy Col\u00edn, pediatra infect\u00f3logo del hospital, indic\u00f3 que se ha identificado que en al menos el 10 por ciento de los menores que dieron positivos al Covid-19 tras su recuperaci\u00f3n, y que principalmente, es en aquellos que presentan alguna comorbilidad.<\/p>\n<p style=\"font-weight: 400;\">\n<p style=\"font-weight: 400;\">Por ello, se\u00f1al\u00f3 que en el Centenario Hospital Miguel Hidalgo existe un equipo importante de especialistas pediatras, que adem\u00e1s de brindar atenci\u00f3n oportuna a los menores que presentan este s\u00edndrome, tambi\u00e9n est\u00e1n participando en diferentes estudios y an\u00e1lisis al respecto.<\/p>\n<p style=\"font-weight: 400;\">\n<p style=\"font-weight: 400;\">El especialista explic\u00f3 que se trata de un s\u00edndrome que se presenta a las tres o cuatro semanas despu\u00e9s de lograda la recuperaci\u00f3n del peque\u00f1o y que en ocasiones se puede confundir con otros padecimientos porque presenta s\u00edntomas similares al Covid-19, como alta temperatura por 3 d\u00edas o m\u00e1s e inflamaci\u00f3n de las v\u00edas a\u00e9reas.<\/p>\n<p style=\"font-weight: 400;\">\n<p style=\"font-weight: 400;\">Monroy Col\u00edn se\u00f1al\u00f3 que es importante que la poblaci\u00f3n conozca esta posible consecuencia del Covid-19 en los menores de edad, pues los pacientes que presenten el s\u00edndrome deben recibir un manejo hospitalario avanzado y especializado.<\/p>\n<p style=\"font-weight: 400;\">\n<p style=\"font-weight: 400;\">Dej\u00f3 en claro que la automedicaci\u00f3n no es opci\u00f3n para la atenci\u00f3n de este s\u00edndrome, porque de igual manera podr\u00eda provocar complicaciones mayores a la salud de los menores.<\/p>\n<p style=\"font-weight: 400;\">\n","protected":false},"excerpt":{"rendered":"<p>\u00a0 Al menos el 10% de los menores que sufrieron cuadros graves de Covid-19, presentaron el S\u00edndrome Inflamatorio Multisist\u00e9mico Pedi\u00e1trico Se presenta a las tres o cuatro semanas despu\u00e9s de lograda la recuperaci\u00f3n del peque\u00f1o Los peque\u00f1os pacientes que presenten el s\u00edndrome deben recibir un manejo hospitalario avanzado y especializado. La automedicaci\u00f3n no es opci\u00f3n [&hellip;]<\/p>\n","protected":false},"author":1,"featured_media":27373,"comment_status":"closed","ping_status":"open","sticky":false,"template":"","format":"standard","meta":{"advanced_seo_description":"","jetpack_seo_html_title":"","jetpack_seo_noindex":false,"_jetpack_memberships_contains_paid_content":false,"footnotes":"","jetpack_publicize_message":"","jetpack_publicize_feature_enabled":true,"jetpack_social_post_already_shared":true,"jetpack_social_options":{"image_generator_settings":{"template":"highway","default_image_id":0,"font":"","enabled":false},"version":2}},"categories":[21,4],"tags":[22,30],"class_list":["post-27372","post","type-post","status-publish","format-standard","has-post-thumbnail","hentry","category-aguascalientes","category-gobierno-del-estado-aguascalientes","tag-aguascalientes","tag-issea"],"jetpack_publicize_connections":[],"jetpack_featured_media_url":"https:\/\/i0.wp.com\/informativoelvalledeaguascalientes.online\/wp-content\/uploads\/2022\/02\/IMG_3093-1-scaled.jpg?fit=2560%2C1707&ssl=1","jetpack-related-posts":[],"jetpack_sharing_enabled":true,"jetpack_likes_enabled":true,"_links":{"self":[{"href":"https:\/\/informativoelvalledeaguascalientes.online\/index.php?rest_route=\/wp\/v2\/posts\/27372","targetHints":{"allow":["GET"]}}],"collection":[{"href":"https:\/\/informativoelvalledeaguascalientes.online\/index.php?rest_route=\/wp\/v2\/posts"}],"about":[{"href":"https:\/\/informativoelvalledeaguascalientes.online\/index.php?rest_route=\/wp\/v2\/types\/post"}],"author":[{"embeddable":true,"href":"https:\/\/informativoelvalledeaguascalientes.online\/index.php?rest_route=\/wp\/v2\/users\/1"}],"replies":[{"embeddable":true,"href":"https:\/\/informativoelvalledeaguascalientes.online\/index.php?rest_route=%2Fwp%2Fv2%2Fcomments&post=27372"}],"version-history":[{"count":1,"href":"https:\/\/informativoelvalledeaguascalientes.online\/index.php?rest_route=\/wp\/v2\/posts\/27372\/revisions"}],"predecessor-version":[{"id":27376,"href":"https:\/\/informativoelvalledeaguascalientes.online\/index.php?rest_route=\/wp\/v2\/posts\/27372\/revisions\/27376"}],"wp:featuredmedia":[{"embeddable":true,"href":"https:\/\/informativoelvalledeaguascalientes.online\/index.php?rest_route=\/wp\/v2\/media\/27373"}],"wp:attachment":[{"href":"https:\/\/informativoelvalledeaguascalientes.online\/index.php?rest_route=%2Fwp%2Fv2%2Fmedia&parent=27372"}],"wp:term":[{"taxonomy":"category","embeddable":true,"href":"https:\/\/informativoelvalledeaguascalientes.online\/index.php?rest_route=%2Fwp%2Fv2%2Fcategories&post=27372"},{"taxonomy":"post_tag","embeddable":true,"href":"https:\/\/informativoelvalledeaguascalientes.online\/index.php?rest_route=%2Fwp%2Fv2%2Ftags&post=27372"}],"curies":[{"name":"wp","href":"https:\/\/api.w.org\/{rel}","templated":true}]}}