{"id":27355,"date":"2022-02-11T00:30:33","date_gmt":"2022-02-11T06:30:33","guid":{"rendered":"https:\/\/informativoelvalledeaguascalientes.online\/?p=27355"},"modified":"2022-02-11T00:30:33","modified_gmt":"2022-02-11T06:30:33","slug":"propone-congreso-de-ags-metodo-de-ternas-como-criterio-para-elegir-a-titular-de-secretaria-estatal-de-seguridad-publica","status":"publish","type":"post","link":"https:\/\/informativoelvalledeaguascalientes.online\/?p=27355","title":{"rendered":"PROPONE CONGRESO DE AGS M\u00c9TODO DE TERNAS COMO CRITERIO PARA ELEGIR A TITULAR DE SECRETAR\u00cdA ESTATAL DE SEGURIDAD P\u00daBLICA"},"content":{"rendered":"<p>&nbsp;<\/p>\n<p><strong>\u00a0<\/strong><\/p>\n<ul>\n<li><em>El posicionamiento lo realiz\u00f3 el diputado Temo Escobedo y lo respald\u00f3 la presidenta de la mesa directiva de la Comisi\u00f3n Permanente, Ana G\u00f3mez.<\/em><\/li>\n<\/ul>\n<p><strong>\u00a0<\/strong><\/p>\n<ul>\n<li><em>Tambi\u00e9n se propuso montar una galer\u00eda de fotos de periodistas fallecidos que ejercieron su profesi\u00f3n en Aguascalientes y que la sala de prensa lleve el nombre de Mat\u00edas Lozano. <\/em><\/li>\n<\/ul>\n<p><strong>\u00a0<\/strong><\/p>\n<ul>\n<li><em>Adem\u00e1s, la diputada Karola Mac\u00edas inform\u00f3 su separaci\u00f3n del Grupo Parlamentario mixto Morena-PT, para quedar solamente como legisladora de MORENA, adem\u00e1s de que fue sustituida como secretaria del Comit\u00e9 de Administraci\u00f3n, por su hom\u00f3loga diputada Ana G\u00f3mez. <\/em><\/li>\n<\/ul>\n<p><strong>\u00a0<\/strong><\/p>\n<p>En los trabajos de la s\u00e9ptima sesi\u00f3n permanente de la LXV Legislatura del Congreso de Aguascalientes, se abordaron diversos temas sociales de inter\u00e9s, entre ellos revisar el marco legal para ajustar los criterios de selecci\u00f3n para ocupar el cargo de titular de la Secretar\u00eda de Seguridad P\u00fablica; adem\u00e1s se propuso que la sala de prensa del poder Legislativo lleve el nombre del reci\u00e9n fallecido periodista Mat\u00edas Lozano.<\/p>\n<p>&nbsp;<\/p>\n<p>En el primero de los puntos dentro del apartado de asuntos generales, el diputado Temo Escobedo, hizo un posicionamiento con respecto a revisar el marco jur\u00eddico de la Ley, para ajustar el procedimiento de elecci\u00f3n del titular de la Secretar\u00eda de Seguridad P\u00fablica del Estado, con el objeto que no solo la responsabilidad recaiga en la figura del ejecutivo, en un nombramiento unilateral.<\/p>\n<p>&nbsp;<\/p>\n<p>Temo Escobedo, expres\u00f3 que es importante incluir una metodolog\u00eda de ternas, similar a la que se hace en los Ayuntamientos, y que en este caso tambi\u00e9n participen las y los legisladores para proponer aspirantes a ocupar el cargo en referencia.<\/p>\n<p>&nbsp;<\/p>\n<p>A la par, reconoci\u00f3 el trabajo que emprende el Gobierno del Estado para garantizar la seguridad de la poblaci\u00f3n, una vez que el actual Secretario de Seguridad P\u00fablica Estatal, Porfirio S\u00e1nchez, enfrenta un proceso penal.<\/p>\n<p>Seguido de lo anterior, la presidenta de la Comisi\u00f3n Permanente, Ana G\u00f3mez, se sum\u00f3 a la propuesta y expres\u00f3 que es importante garantizar la seguridad de las y los ciudadanos de Aguascalientes, y se mostr\u00f3 a favor de las investigaciones para acabar con la impunidad de nuestro pa\u00eds.<\/p>\n<p>&nbsp;<\/p>\n<p>En otro orden de ideas, el diputado Juan Pablo Diosdado, present\u00f3 un Punto de Acuerdo para que la sala de prensa que se encuentra en el Vest\u00edbulo de Palacio Legislativo lleve el nombre del periodistaque reci\u00e9n falleci\u00f3 \u201cMat\u00edas Lozano D\u00edaz de Le\u00f3n\u201d, y de esta manera hacerle un reconocimiento a su labor period\u00edstica, misma que se distingui\u00f3 por su objetividad, profesionalismo y dedicaci\u00f3n.<\/p>\n<p>&nbsp;<\/p>\n<p>En su trayectoria period\u00edstica se destac\u00f3 como subdirector del diario P\u00e1gina 24, fue columnista en El Heraldo de Aguascalientes, reportero de El Sol del Centro, adem\u00e1s \u00a0de fundador, director y editor del Quincenario &#8220;Reporte Pol\u00edtico Policiaco\u201d y de la p\u00e1gina web: wwwreporteppp.com, de igual manera inici\u00f3 tambi\u00e9n su blog y fan page \u201cCortando por Lozano digital\u201d.<\/p>\n<p>En el servicio p\u00fablico fungi\u00f3 como Coordinador de Comunicaci\u00f3n Social de la Presidencia Municipal de Aguascalientes, Director de Comunicaci\u00f3n Social de este H. Congreso del Estado en la LIII y la LV Legislatura; entre otros cargos.<\/p>\n<p>El legislador tambi\u00e9n propuso que en este sal\u00f3n sea colocada una galer\u00eda fotogr\u00e1fica en memoria de las y los comunic\u00f3logos que han fallecido y que se distinguieron en su profesi\u00f3n, en nuestra entidad, entre ellos mencion\u00f3 a la periodista Carolina Rinc\u00f3n Silva.<\/p>\n<p>&nbsp;<\/p>\n<p>Durante el desarrollo de la sesi\u00f3n virtual, se inform\u00f3 que la diputada Karola Mac\u00edas entreg\u00f3 un oficio a trav\u00e9s del cual dio a conocer su desici\u00f3n de separarse del Grupo Parlamentario Mixto Morena-PT para quedar solamente como legisladora de Movimiento de Regeneraci\u00f3n Nacional.<\/p>\n<p>&nbsp;<\/p>\n<p>Aunado a ello, el legislador Juan Luis Jasso, entreg\u00f3 un oficio para informar la separaci\u00f3n de la diputada Karola Mac\u00edas del Grupo Parlamentario Mixto Morena-PT y su sustituci\u00f3n de secretaria del Comit\u00e9 de Administraci\u00f3n; esa posici\u00f3n ahora la ocupa la legisladora, Ana G\u00f3mez.<\/p>\n<p>&nbsp;<\/p>\n<p>Por \u00faltimo, la presidenta de la Mesa Directiva de la Diputaci\u00f3n Permanente, Ana G\u00f3mez clausur\u00f3 los trabajos de la presente sesi\u00f3n en punto de las 10:35 horas, al tiempo que cit\u00f3 a la mesa directiva para el para el pr\u00f3ximo mi\u00e9rcoles 16 de febrero, a las 10 de la ma\u00f1ana.<\/p>\n","protected":false},"excerpt":{"rendered":"<p>&nbsp; \u00a0 El posicionamiento lo realiz\u00f3 el diputado Temo Escobedo y lo respald\u00f3 la presidenta de la mesa directiva de la Comisi\u00f3n Permanente, Ana G\u00f3mez. \u00a0 Tambi\u00e9n se propuso montar una galer\u00eda de fotos de periodistas fallecidos que ejercieron su profesi\u00f3n en Aguascalientes y que la sala de prensa lleve el nombre de Mat\u00edas Lozano. [&hellip;]<\/p>\n","protected":false},"author":1,"featured_media":27356,"comment_status":"closed","ping_status":"open","sticky":false,"template":"","format":"standard","meta":{"advanced_seo_description":"","jetpack_seo_html_title":"","jetpack_seo_noindex":false,"_jetpack_memberships_contains_paid_content":false,"footnotes":"","jetpack_publicize_message":"","jetpack_publicize_feature_enabled":true,"jetpack_social_post_already_shared":true,"jetpack_social_options":{"image_generator_settings":{"template":"highway","default_image_id":0,"font":"","enabled":false},"version":2}},"categories":[21,5],"tags":[22,44],"class_list":["post-27355","post","type-post","status-publish","format-standard","has-post-thumbnail","hentry","category-aguascalientes","category-h-congreso-del-estado-aguascalientes","tag-aguascalientes","tag-lxiv-legislatura-aguascalientes"],"jetpack_publicize_connections":[],"jetpack_featured_media_url":"https:\/\/i0.wp.com\/informativoelvalledeaguascalientes.online\/wp-content\/uploads\/2022\/02\/WhatsApp-Image-2022-02-09-at-12.20.12-PM.jpeg?fit=1280%2C676&ssl=1","jetpack-related-posts":[],"jetpack_sharing_enabled":true,"jetpack_likes_enabled":true,"_links":{"self":[{"href":"https:\/\/informativoelvalledeaguascalientes.online\/index.php?rest_route=\/wp\/v2\/posts\/27355","targetHints":{"allow":["GET"]}}],"collection":[{"href":"https:\/\/informativoelvalledeaguascalientes.online\/index.php?rest_route=\/wp\/v2\/posts"}],"about":[{"href":"https:\/\/informativoelvalledeaguascalientes.online\/index.php?rest_route=\/wp\/v2\/types\/post"}],"author":[{"embeddable":true,"href":"https:\/\/informativoelvalledeaguascalientes.online\/index.php?rest_route=\/wp\/v2\/users\/1"}],"replies":[{"embeddable":true,"href":"https:\/\/informativoelvalledeaguascalientes.online\/index.php?rest_route=%2Fwp%2Fv2%2Fcomments&post=27355"}],"version-history":[{"count":1,"href":"https:\/\/informativoelvalledeaguascalientes.online\/index.php?rest_route=\/wp\/v2\/posts\/27355\/revisions"}],"predecessor-version":[{"id":27358,"href":"https:\/\/informativoelvalledeaguascalientes.online\/index.php?rest_route=\/wp\/v2\/posts\/27355\/revisions\/27358"}],"wp:featuredmedia":[{"embeddable":true,"href":"https:\/\/informativoelvalledeaguascalientes.online\/index.php?rest_route=\/wp\/v2\/media\/27356"}],"wp:attachment":[{"href":"https:\/\/informativoelvalledeaguascalientes.online\/index.php?rest_route=%2Fwp%2Fv2%2Fmedia&parent=27355"}],"wp:term":[{"taxonomy":"category","embeddable":true,"href":"https:\/\/informativoelvalledeaguascalientes.online\/index.php?rest_route=%2Fwp%2Fv2%2Fcategories&post=27355"},{"taxonomy":"post_tag","embeddable":true,"href":"https:\/\/informativoelvalledeaguascalientes.online\/index.php?rest_route=%2Fwp%2Fv2%2Ftags&post=27355"}],"curies":[{"name":"wp","href":"https:\/\/api.w.org\/{rel}","templated":true}]}}