{"id":27232,"date":"2022-02-07T23:45:57","date_gmt":"2022-02-08T05:45:57","guid":{"rendered":"https:\/\/informativoelvalledeaguascalientes.online\/?p=27232"},"modified":"2022-02-07T23:45:57","modified_gmt":"2022-02-08T05:45:57","slug":"bibliotecas-municipales-reanudan-actividades-presenciales","status":"publish","type":"post","link":"https:\/\/informativoelvalledeaguascalientes.online\/?p=27232","title":{"rendered":"BIBLIOTECAS MUNICIPALES REANUDAN ACTIVIDADES PRESENCIALES"},"content":{"rendered":"<p><span data-removefontsize=\"true\" data-originalcomputedfontsize=\"16\">La Direcci\u00f3n de Educaci\u00f3n de la Secretar\u00eda de Desarrollo Social Municipal (SEDESOM), informa que a partir de este 8 de febrero, se reanudar\u00e1n las actividades en las 16 Bibliotecas Municipales en el sector urbano y rural. \u00a0<\/span><\/p>\n<p><span data-removefontsize=\"true\" data-originalcomputedfontsize=\"16\">A trav\u00e9s de estos espacios, se\u00a0<\/span>brinda atenci\u00f3n a ni\u00f1os y j\u00f3venes\u00a0mediante actividades que tienen como objetivo apoyar a estudiantes y mejorar su desarrollo acad\u00e9mico con\u00a0asesor\u00eda y regularizaci\u00f3n gratuita, y apoyo en la realizaci\u00f3n de tareas, entre otros.<\/p>\n<p>De manera paulatina con las medidas sanitarias correspondientes se reanudar\u00e1n las actividades dentro de estos espacios, para hacer uso del extenso acervo bibliogr\u00e1fico, consultar datos, investigar y participar en c\u00edrculos de lectura.<\/p>\n<p>Las Bibliotecas Municipales est\u00e1n ubicadas en:<\/p>\n<p>Urbanas<\/p>\n<ul>\n<li><strong>Insurgentes,<\/strong>\u00a0calle Belisario Dom\u00ednguez 704, Colonia Insurgentes<\/li>\n<li><strong>Ma. Mercedes Santos Padilla,\u00a0<\/strong>avenida \u00c1guila y andador Lechuza S\/N, Pilar Blanco<\/li>\n<li><strong>Jos\u00e9 Mar\u00eda Morelos y Pav\u00f3n,<\/strong>\u00a0calle Coba 302 Fraccionamiento Terrazas en Ciudad Sat\u00e9lite Morelos<\/li>\n<li><strong>Fidel Vel\u00e1zquez\u00a0<\/strong><strong>,<\/strong>\u00a0calle Campos Eliseos y Prolongaci\u00f3n Alameda S\/N Infonavit Fidel Vel\u00e1zquez<\/li>\n<li><strong>Progreso,\u00a0<\/strong>L\u00e1zaro C\u00e1rdenas S\/N esquina Progreso, en dicha colonia<\/li>\n<li><strong>Francisco Ant\u00fanez Madrigal,<\/strong>\u00a0calle Pastores 211 fraccionamiento Ojocaliente IV<\/li>\n<li><strong>Benito Palomino Dena,\u00a0<\/strong>avenida Roberto Jefkins Rangel 607, Colonia\u00a0 Palomino.<\/li>\n<li><strong>Jes\u00fas Reyes Heroles,<\/strong>\u00a0 Ermita de San Sebasti\u00e1n 908, Villas de Nuestra Se\u00f1ora de la Asunci\u00f3n<\/li>\n<\/ul>\n<p>Rurales<\/p>\n<ul>\n<li><strong>Manuel G\u00f3mez Mor\u00edn,<\/strong>\u00a0calle Enrique Olivares Santana esquina Crist\u00f3bal de Magallanes, en Santa Mar\u00eda de Gallardo<\/li>\n<li><strong>Jaltomate,<\/strong>\u00a0avenida L\u00f3pez Mateos S\/N, en Jaltomate<\/li>\n<li><strong>Jos\u00e9 Mar\u00eda Morelos y Pav\u00f3n,<\/strong>\u00a0Plaza Rafael Ram\u00edrez S\/N en delegaci\u00f3n Ca\u00f1ada Honda<\/li>\n<li><strong>Miguel de la Madrid Hurtado,<\/strong>\u00a0avenida J. Gpe. N\u00e1jera Jim\u00e9nez S\/N, en la Casa del Pueblo en delegaci\u00f3n Calvillito<\/li>\n<li><strong>Refugio de Pe\u00f1uelas,<\/strong>\u00a0calle Francisco Villa S\/N, comunidad Refugio de Pe\u00f1uelas<\/li>\n<li><strong>Ma. Medina Morales,<\/strong>\u00a0calle Emiliano Zapata S\/N, delegaci\u00f3n Salto de los Salado<\/li>\n<li><strong>Benito Montoya,<\/strong>\u00a0avenida 20 de Noviembre S\/N, Comunidad\u00a0 Los Ca\u00f1os.<\/li>\n<li><strong>Ram\u00f3n Gonz\u00e1lez Gonz\u00e1lez,<\/strong>\u00a0calle 16 de Septiembre 104,\u00a0 Ejido el Cienegal de Pe\u00f1uelas.<\/li>\n<\/ul>\n<p><span data-removefontsize=\"true\" data-originalcomputedfontsize=\"16\">Los horarios de atenci\u00f3n son de 10:00 de la ma\u00f1ana a 4:00 de la tarde, de lunes a viernes; para solicitar mayores informes se puede visitar las Instalaciones de la SEDESOM, ubicadas en Juan de Montoro 124 zona centro, o llamar al tel\u00e9fono 449 910 23 90 extensi\u00f3n 1053.<\/span><\/p>\n","protected":false},"excerpt":{"rendered":"<p>La Direcci\u00f3n de Educaci\u00f3n de la Secretar\u00eda de Desarrollo Social Municipal (SEDESOM), informa que a partir de este 8 de febrero, se reanudar\u00e1n las actividades en las 16 Bibliotecas Municipales en el sector urbano y rural. \u00a0 A trav\u00e9s de estos espacios, se\u00a0brinda atenci\u00f3n a ni\u00f1os y j\u00f3venes\u00a0mediante actividades que tienen como objetivo apoyar a [&hellip;]<\/p>\n","protected":false},"author":1,"featured_media":27234,"comment_status":"closed","ping_status":"open","sticky":false,"template":"","format":"standard","meta":{"advanced_seo_description":"","jetpack_seo_html_title":"","jetpack_seo_noindex":false,"_jetpack_memberships_contains_paid_content":false,"footnotes":"","jetpack_publicize_message":"","jetpack_publicize_feature_enabled":true,"jetpack_social_post_already_shared":true,"jetpack_social_options":{"image_generator_settings":{"template":"highway","default_image_id":0,"font":"","enabled":false},"version":2}},"categories":[21,3],"tags":[22,286],"class_list":["post-27232","post","type-post","status-publish","format-standard","has-post-thumbnail","hentry","category-aguascalientes","category-municipio-aguascalientes","tag-aguascalientes","tag-mpio-aguascalientes-sedesom"],"jetpack_publicize_connections":[],"jetpack_featured_media_url":"https:\/\/i0.wp.com\/informativoelvalledeaguascalientes.online\/wp-content\/uploads\/2022\/02\/IMG-20220207-WA0009.jpg?fit=1600%2C1200&ssl=1","jetpack-related-posts":[],"jetpack_sharing_enabled":true,"jetpack_likes_enabled":true,"_links":{"self":[{"href":"https:\/\/informativoelvalledeaguascalientes.online\/index.php?rest_route=\/wp\/v2\/posts\/27232","targetHints":{"allow":["GET"]}}],"collection":[{"href":"https:\/\/informativoelvalledeaguascalientes.online\/index.php?rest_route=\/wp\/v2\/posts"}],"about":[{"href":"https:\/\/informativoelvalledeaguascalientes.online\/index.php?rest_route=\/wp\/v2\/types\/post"}],"author":[{"embeddable":true,"href":"https:\/\/informativoelvalledeaguascalientes.online\/index.php?rest_route=\/wp\/v2\/users\/1"}],"replies":[{"embeddable":true,"href":"https:\/\/informativoelvalledeaguascalientes.online\/index.php?rest_route=%2Fwp%2Fv2%2Fcomments&post=27232"}],"version-history":[{"count":1,"href":"https:\/\/informativoelvalledeaguascalientes.online\/index.php?rest_route=\/wp\/v2\/posts\/27232\/revisions"}],"predecessor-version":[{"id":27235,"href":"https:\/\/informativoelvalledeaguascalientes.online\/index.php?rest_route=\/wp\/v2\/posts\/27232\/revisions\/27235"}],"wp:featuredmedia":[{"embeddable":true,"href":"https:\/\/informativoelvalledeaguascalientes.online\/index.php?rest_route=\/wp\/v2\/media\/27234"}],"wp:attachment":[{"href":"https:\/\/informativoelvalledeaguascalientes.online\/index.php?rest_route=%2Fwp%2Fv2%2Fmedia&parent=27232"}],"wp:term":[{"taxonomy":"category","embeddable":true,"href":"https:\/\/informativoelvalledeaguascalientes.online\/index.php?rest_route=%2Fwp%2Fv2%2Fcategories&post=27232"},{"taxonomy":"post_tag","embeddable":true,"href":"https:\/\/informativoelvalledeaguascalientes.online\/index.php?rest_route=%2Fwp%2Fv2%2Ftags&post=27232"}],"curies":[{"name":"wp","href":"https:\/\/api.w.org\/{rel}","templated":true}]}}