{"id":27229,"date":"2022-02-07T23:47:14","date_gmt":"2022-02-08T05:47:14","guid":{"rendered":"https:\/\/informativoelvalledeaguascalientes.online\/?p=27229"},"modified":"2022-02-07T23:48:22","modified_gmt":"2022-02-08T05:48:22","slug":"continua-tono-martin-del-campo-trabajando-en-bien-de-las-y-los-mexicanos","status":"publish","type":"post","link":"https:\/\/informativoelvalledeaguascalientes.online\/?p=27229","title":{"rendered":"CONTIN\u00daA TO\u00d1O MART\u00cdN DEL CAMPO TRABAJANDO EN BIEN DE LAS Y LOS MEXICANOS"},"content":{"rendered":"<p>&nbsp;<\/p>\n<ul>\n<li><strong>Durante el actual periodo de sesiones, presentar\u00e1 una iniciativa de reforma a la Ley del ISSSTE para que a los trabajadores eventuales se les reconozca su antig\u00fcedad y puedan gozar de prestaciones<\/strong><\/li>\n<\/ul>\n<p>&nbsp;<\/p>\n<ul>\n<li><strong>Asimismo, y preocupado por la econom\u00eda de las familias, propondr\u00e1 un punto de acuerdo para ampliar el n\u00famero de beneficiarios de los diferentes programas sociales<\/strong><\/li>\n<\/ul>\n<p>&nbsp;<\/p>\n<ul>\n<li><strong>El Legislador refrend\u00f3 su compromiso de continuar impulsando iniciativas enfocadas a elevar las condiciones de vida a quienes de una u otra forma se han visto alcanzados por los efectos de la pandemia<\/strong><\/li>\n<\/ul>\n<p>&nbsp;<\/p>\n<p>&nbsp;<\/p>\n<p>En respuesta a la necesidad de hacer frente a los embates de la pandemia de COVID-19 que a la fecha contin\u00faa causando estragos en la econom\u00eda de las familias; el Senador por Aguascalientes, To\u00f1o Mart\u00edn del Campo, anunci\u00f3 en rueda de prensa que continuar\u00e1 impulsando desde su trinchera acciones efectivas en bien de las y los mexicanos.<\/p>\n<p>&nbsp;<\/p>\n<p>Se\u00f1al\u00f3 que como resultado de los Foros Ciudadanos \u201cEl Futuro lo Hacemos Hoy\u201d surgieron un gran n\u00famero de peticiones y propuestas, una de ellas realizada por parte de empleados del Instituto de Seguridad y Servicios Sociales de los Trabajadores del Estado (ISSSTE) que en su momento expresaron su preocupaci\u00f3n por quienes laboran de forma eventual en la instituci\u00f3n, ya que no reciben sus pagos puntuales ni las prestaciones de ley al no contar con una base por la que deben esperar por mucho tiempo y una vez obtenida, no se respeta su antig\u00fcedad.<\/p>\n<p>&nbsp;<\/p>\n<p>Aunado a lo anterior y con la finalidad de brindar un respaldo a estos servidores p\u00fablicos, el legislador federal se comprometi\u00f3 a presentar una iniciativa para reformar el Art\u00edculo 64 encaminado a la Ley del ISSSTE a fin de garantizar una atenci\u00f3n digna para ellos mientras obtienen su base y adem\u00e1s se les reconozca el tiempo laborado.<\/p>\n<p>&nbsp;<\/p>\n<p><em>\u201cHoy hacemos llamado a la Comisi\u00f3n de Salud y a todos las y los Senadores que se sumen a esta iniciativa que es el sentir de los mexicanos y sobre todo de quienes luchan por la salud de los mexicanos, es una iniciativa muy noble\u201d.<\/em><\/p>\n<p>&nbsp;<\/p>\n<p>Mart\u00edn del Campo asegur\u00f3 que de convertirse en una realidad, esta ley se extender\u00eda al resto de las instituciones como en el caso del Instituto Mexicano del Seguro Social (IMSS), adem\u00e1s de que evitar\u00e1 a toda costa que existan represalias hacia estos trabajadores quienes \u00fanicamente se encuentran luchando por sus derechos.<\/p>\n<p>&nbsp;<\/p>\n<p>En su oportunidad, Julio C\u00e9sar Aguilar, en representaci\u00f3n de los trabajadores del ISSSTE, reconoci\u00f3 el inter\u00e9s de To\u00f1o Mart\u00edn del Campo por apoyar a estos empleados quienes arriesgan sus vidas al laborar en las instituciones de salud sin recibir las prestaciones que por ley les corresponden.<\/p>\n<p>&nbsp;<\/p>\n<p>&nbsp;<\/p>\n","protected":false},"excerpt":{"rendered":"<p>&nbsp; Durante el actual periodo de sesiones, presentar\u00e1 una iniciativa de reforma a la Ley del ISSSTE para que a los trabajadores eventuales se les reconozca su antig\u00fcedad y puedan gozar de prestaciones &nbsp; Asimismo, y preocupado por la econom\u00eda de las familias, propondr\u00e1 un punto de acuerdo para ampliar el n\u00famero de beneficiarios de [&hellip;]<\/p>\n","protected":false},"author":1,"featured_media":27233,"comment_status":"closed","ping_status":"open","sticky":false,"template":"","format":"standard","meta":{"advanced_seo_description":"","jetpack_seo_html_title":"","jetpack_seo_noindex":false,"_jetpack_memberships_contains_paid_content":false,"footnotes":"","jetpack_publicize_message":"","jetpack_publicize_feature_enabled":true,"jetpack_social_post_already_shared":true,"jetpack_social_options":{"image_generator_settings":{"template":"highway","default_image_id":0,"font":"","enabled":false},"version":2}},"categories":[21,7],"tags":[22,23,49],"class_list":["post-27229","post","type-post","status-publish","format-standard","has-post-thumbnail","hentry","category-aguascalientes","category-pan-aguascalientes","tag-aguascalientes","tag-pan-aguascalientes","tag-tono-martin-del-campo"],"jetpack_publicize_connections":[],"jetpack_featured_media_url":"https:\/\/i0.wp.com\/informativoelvalledeaguascalientes.online\/wp-content\/uploads\/2022\/02\/2927e234-d503-47e5-9d61-3f7c22c4670f.jpg?fit=1024%2C750&ssl=1","jetpack-related-posts":[],"jetpack_sharing_enabled":true,"jetpack_likes_enabled":true,"_links":{"self":[{"href":"https:\/\/informativoelvalledeaguascalientes.online\/index.php?rest_route=\/wp\/v2\/posts\/27229","targetHints":{"allow":["GET"]}}],"collection":[{"href":"https:\/\/informativoelvalledeaguascalientes.online\/index.php?rest_route=\/wp\/v2\/posts"}],"about":[{"href":"https:\/\/informativoelvalledeaguascalientes.online\/index.php?rest_route=\/wp\/v2\/types\/post"}],"author":[{"embeddable":true,"href":"https:\/\/informativoelvalledeaguascalientes.online\/index.php?rest_route=\/wp\/v2\/users\/1"}],"replies":[{"embeddable":true,"href":"https:\/\/informativoelvalledeaguascalientes.online\/index.php?rest_route=%2Fwp%2Fv2%2Fcomments&post=27229"}],"version-history":[{"count":2,"href":"https:\/\/informativoelvalledeaguascalientes.online\/index.php?rest_route=\/wp\/v2\/posts\/27229\/revisions"}],"predecessor-version":[{"id":27237,"href":"https:\/\/informativoelvalledeaguascalientes.online\/index.php?rest_route=\/wp\/v2\/posts\/27229\/revisions\/27237"}],"wp:featuredmedia":[{"embeddable":true,"href":"https:\/\/informativoelvalledeaguascalientes.online\/index.php?rest_route=\/wp\/v2\/media\/27233"}],"wp:attachment":[{"href":"https:\/\/informativoelvalledeaguascalientes.online\/index.php?rest_route=%2Fwp%2Fv2%2Fmedia&parent=27229"}],"wp:term":[{"taxonomy":"category","embeddable":true,"href":"https:\/\/informativoelvalledeaguascalientes.online\/index.php?rest_route=%2Fwp%2Fv2%2Fcategories&post=27229"},{"taxonomy":"post_tag","embeddable":true,"href":"https:\/\/informativoelvalledeaguascalientes.online\/index.php?rest_route=%2Fwp%2Fv2%2Ftags&post=27229"}],"curies":[{"name":"wp","href":"https:\/\/api.w.org\/{rel}","templated":true}]}}