{"id":26305,"date":"2022-01-01T21:50:11","date_gmt":"2022-01-02T03:50:11","guid":{"rendered":"https:\/\/informativoelvalledeaguascalientes.online\/?p=26305"},"modified":"2022-01-01T21:50:11","modified_gmt":"2022-01-02T03:50:11","slug":"en-2022-se-consolidaran-proyectos-que-marcaran-el-futuro-de-aguascalientes-mos","status":"publish","type":"post","link":"https:\/\/informativoelvalledeaguascalientes.online\/?p=26305","title":{"rendered":"\u00a0EN 2022 SE CONSOLIDAR\u00c1N PROYECTOS QUE MARCAR\u00c1N EL FUTURO DE AGUASCALIENTES: MOS\u00a0"},"content":{"rendered":"<p>&nbsp;<\/p>\n<ul>\n<li dir=\"ltr\">\n<p dir=\"ltr\" role=\"presentation\">Gobernador env\u00eda mensaje de fin de a\u00f1o para las familias de Aguascalientes, haciendo un recuento de las acciones m\u00e1s importantes del 2021.<\/p>\n<\/li>\n<li dir=\"ltr\">\n<p dir=\"ltr\" role=\"presentation\">Esta administraci\u00f3n seguir\u00e1 teniendo un gobernador cercano y compromisos cumplidos.<\/p>\n<\/li>\n<\/ul>\n<p>&nbsp;<\/p>\n<p dir=\"ltr\">En el 2022 se consolidar\u00e1n proyectos que marcar\u00e1n el rumbo de la entidad, as\u00ed lo expres\u00f3 el gobernador Mart\u00edn Orozco Sandoval, al se\u00f1alar que continuar\u00e1 con una din\u00e1mica de cercan\u00eda con la sociedad y dando resultados a las familias de Aguascalientes.<\/p>\n<p>&nbsp;<\/p>\n<p dir=\"ltr\">Antes de concluir el 2021, el gobernador del estado envi\u00f3 un mensaje a las y los aguascalentenses, para desearles un pr\u00f3spero a\u00f1o y hacer un recuento de las acciones m\u00e1s importantes en el a\u00f1o que termina, adem\u00e1s de trazar los principales retos para la \u00faltima etapa de su gesti\u00f3n.<\/p>\n<p>&nbsp;<\/p>\n<p dir=\"ltr\">Orozco Sandoval expres\u00f3 que en los \u00faltimos doce meses se present\u00f3 una recuperaci\u00f3n en el dinamismo econ\u00f3mico, especialmente con el anuncio de inversiones extranjeras importantes como: Autoliv, Valero, Fanuc, Bosh, entre muchas otras, que traer\u00e1n nuevas fuentes de trabajo principalmente en el desarrollo tecnol\u00f3gico y la log\u00edstica; destac\u00f3 que la econom\u00eda en los negocios locales tuvo un repunte gracias a la actividad tur\u00edstica con eventos como el Congreso Nacional Charro y la segunda emisi\u00f3n de la Ruta del Vino.<\/p>\n<p>&nbsp;<\/p>\n<p dir=\"ltr\">El campo de Aguascalientes es un sector que tambi\u00e9n aporta a la econom\u00eda del estado, destac\u00f3 el mandatario al se\u00f1alar que estos 5 a\u00f1os se ha logrado una profunda y verdadera transformaci\u00f3n, gracias a los nuevos productos que ahora se cultivan, as\u00ed como a la tecnificaci\u00f3n e industrializaci\u00f3n.<\/p>\n<p dir=\"ltr\">\n<p dir=\"ltr\">Mart\u00edn Orozco expres\u00f3 tambi\u00e9n que el 2021 fue decisivo en materia de salud, especialmente gracias a la aplicaci\u00f3n de vacunas contra el COVID 19, lo que ha contribuido en el combate a la pandemia y en el regreso a las actividades educativas y de convivencia social; en esta cruzada, la sociedad en general particip\u00f3 de manera ejemplar para recibir el biol\u00f3gico, mostrando una gran empat\u00eda y responsabilidad.<\/p>\n<p>&nbsp;<\/p>\n<p dir=\"ltr\">En este sentido, el gobernador mencion\u00f3 que uno de los grandes retos fue el regreso seguro a clases, donde se logr\u00f3 un acuerdo con los padres y maestros, para continuar con la educaci\u00f3n dentro de las aulas, obteniendo una respuesta determinante para la formaci\u00f3n acad\u00e9mica en los diferentes niveles.<\/p>\n<p>&nbsp;<\/p>\n<p dir=\"ltr\">El 2021 fue tambi\u00e9n importante en materia social ya que se pusieron en marcha programas como \u201cGobernador Contigo\u201d, en el que todas las dependencias acudieron a las colonias para escuchar de viva voz a las personas y contribuir en la soluci\u00f3n de sus demandas, un programa al que se dar\u00e1 continuidad en el a\u00f1o que comienza.<\/p>\n<p>&nbsp;<\/p>\n<p dir=\"ltr\">El gobernador de Aguascalientes destac\u00f3 finalmente que el 2022 ser\u00e1 un a\u00f1o de consolidaci\u00f3n y traz\u00f3 los retos m\u00e1s importantes para este \u00faltimo periodo de su mandato, como el tema de movilidad en que se insistir\u00e1 para mejorar la convivencia entre las las familias con el flujo continuo, la seguridad de peatones, el transporte urbano y los espacios para el transporte alternativo; de esta manera agradeci\u00f3 la confianza de las familias, comprometi\u00e9ndose nuevamente con el prop\u00f3sito de mantener un gobierno cercano, que genere un puente hacia un mejor futuro.<\/p>\n","protected":false},"excerpt":{"rendered":"<p>&nbsp; Gobernador env\u00eda mensaje de fin de a\u00f1o para las familias de Aguascalientes, haciendo un recuento de las acciones m\u00e1s importantes del 2021. Esta administraci\u00f3n seguir\u00e1 teniendo un gobernador cercano y compromisos cumplidos. &nbsp; En el 2022 se consolidar\u00e1n proyectos que marcar\u00e1n el rumbo de la entidad, as\u00ed lo expres\u00f3 el gobernador Mart\u00edn Orozco Sandoval, [&hellip;]<\/p>\n","protected":false},"author":1,"featured_media":26306,"comment_status":"closed","ping_status":"open","sticky":false,"template":"","format":"standard","meta":{"_monsterinsights_skip_tracking":false,"advanced_seo_description":"","jetpack_seo_html_title":"","jetpack_seo_noindex":false,"jetpack_seo_schema_type":"","_jetpack_newsletter_access":"","_jetpack_dont_email_post_to_subs":false,"_jetpack_newsletter_tier_id":0,"_jetpack_memberships_contains_paywalled_content":false,"_jetpack_feature_clip_id":0,"_jetpack_memberships_contains_paid_content":false,"footnotes":"","jetpack_publicize_message":"","jetpack_publicize_feature_enabled":true,"jetpack_social_post_already_shared":true,"jetpack_social_options":{"image_generator_settings":{"template":"highway","default_image_id":0,"font":"","enabled":false},"version":2},"jetpack_post_was_ever_published":false},"categories":[21,4],"tags":[22,545,31],"class_list":["post-26305","post","type-post","status-publish","format-standard","has-post-thumbnail","hentry","category-aguascalientes","category-gobierno-del-estado-aguascalientes","tag-aguascalientes","tag-congreso-nacional-charro","tag-mos"],"jetpack_publicize_connections":[],"jetpack_featured_media_url":"https:\/\/i0.wp.com\/informativoelvalledeaguascalientes.online\/wp-content\/uploads\/2022\/01\/unnamed-43.jpg?fit=1280%2C851&ssl=1","jetpack-related-posts":[],"jetpack_sharing_enabled":true,"jetpack_likes_enabled":true,"_links":{"self":[{"href":"https:\/\/informativoelvalledeaguascalientes.online\/index.php?rest_route=\/wp\/v2\/posts\/26305","targetHints":{"allow":["GET"]}}],"collection":[{"href":"https:\/\/informativoelvalledeaguascalientes.online\/index.php?rest_route=\/wp\/v2\/posts"}],"about":[{"href":"https:\/\/informativoelvalledeaguascalientes.online\/index.php?rest_route=\/wp\/v2\/types\/post"}],"author":[{"embeddable":true,"href":"https:\/\/informativoelvalledeaguascalientes.online\/index.php?rest_route=\/wp\/v2\/users\/1"}],"replies":[{"embeddable":true,"href":"https:\/\/informativoelvalledeaguascalientes.online\/index.php?rest_route=%2Fwp%2Fv2%2Fcomments&post=26305"}],"version-history":[{"count":1,"href":"https:\/\/informativoelvalledeaguascalientes.online\/index.php?rest_route=\/wp\/v2\/posts\/26305\/revisions"}],"predecessor-version":[{"id":26307,"href":"https:\/\/informativoelvalledeaguascalientes.online\/index.php?rest_route=\/wp\/v2\/posts\/26305\/revisions\/26307"}],"wp:featuredmedia":[{"embeddable":true,"href":"https:\/\/informativoelvalledeaguascalientes.online\/index.php?rest_route=\/wp\/v2\/media\/26306"}],"wp:attachment":[{"href":"https:\/\/informativoelvalledeaguascalientes.online\/index.php?rest_route=%2Fwp%2Fv2%2Fmedia&parent=26305"}],"wp:term":[{"taxonomy":"category","embeddable":true,"href":"https:\/\/informativoelvalledeaguascalientes.online\/index.php?rest_route=%2Fwp%2Fv2%2Fcategories&post=26305"},{"taxonomy":"post_tag","embeddable":true,"href":"https:\/\/informativoelvalledeaguascalientes.online\/index.php?rest_route=%2Fwp%2Fv2%2Ftags&post=26305"}],"curies":[{"name":"wp","href":"https:\/\/api.w.org\/{rel}","templated":true}]}}