{"id":26291,"date":"2022-01-01T20:47:54","date_gmt":"2022-01-02T02:47:54","guid":{"rendered":"https:\/\/informativoelvalledeaguascalientes.online\/?p=26291"},"modified":"2022-01-01T20:47:54","modified_gmt":"2022-01-02T02:47:54","slug":"concluye-gira-la-unidad-medica-movil-del-dif","status":"publish","type":"post","link":"https:\/\/informativoelvalledeaguascalientes.online\/?p=26291","title":{"rendered":"CONCLUYE GIRA LA UNIDAD M\u00c9DICA M\u00d3VIL DEL DIF"},"content":{"rendered":"<p>&nbsp;<\/p>\n<p>M\u00e1s de 300 personas fueron atendidas con la Unidad M\u00e9dica M\u00f3vil, a lo largo de las seis delegaciones municipales de Jes\u00fas Mar\u00eda, inform\u00f3 la presidenta del DIF Liliana Coronado de Ar\u00e1mbula.<br \/>\nEn una gira, el consultorio itinerante brind\u00f3 atenci\u00f3n m\u00e9dica primaria en distintas comunidades de cada delegaci\u00f3n con un costo de recuperaci\u00f3n de $30 pesos, donde adem\u00e1s el medicamento les fue otorgado a los pacientes de manera gratuita (sujeto a disponibilidad).<br \/>\n&#8220;Algunos de los padecimientos o enfermedades que logramos detectar entre la poblaci\u00f3n fueron infecciones respiratorias, anemia, insuficiencia venosa, gastroenteritis, gastritis, colitis, desnutrici\u00f3n, gonartrosis, infecci\u00f3n de v\u00edas urinarias, epilepsia, depresi\u00f3n, diabetes, otitis media aguda, caries dental, enfermedad pulmonar obstructiva cr\u00f3nica, por mencionar algunas&#8221;, inform\u00f3 Coronado de Ar\u00e1mbula.<br \/>\nRecord\u00f3 que el prop\u00f3sito de \u00e9sta unidad es prevenir enfermedades y las que fueron detectadas que requieran de atenci\u00f3n especializada, se canalizaron a las instancias que correspondian para su debido seguimiento.<br \/>\nPor \u00faltimo, Liliana Coronado puntualiz\u00f3 &#8220;hemos decidido hacer sinergia con todas las instancias involucradas para llevar a los lugares m\u00e1s lejanos los servicios m\u00e9dicos primarios que son fundamentales para la poblaci\u00f3n, sin rebasar competencias pero s\u00ed con un gran esp\u00edritu de colaboraci\u00f3n&#8221;.<\/p>\n","protected":false},"excerpt":{"rendered":"<p>&nbsp; M\u00e1s de 300 personas fueron atendidas con la Unidad M\u00e9dica M\u00f3vil, a lo largo de las seis delegaciones municipales de Jes\u00fas Mar\u00eda, inform\u00f3 la presidenta del DIF Liliana Coronado de Ar\u00e1mbula. En una gira, el consultorio itinerante brind\u00f3 atenci\u00f3n m\u00e9dica primaria en distintas comunidades de cada delegaci\u00f3n con un costo de recuperaci\u00f3n de $30 [&hellip;]<\/p>\n","protected":false},"author":1,"featured_media":26292,"comment_status":"closed","ping_status":"open","sticky":false,"template":"","format":"standard","meta":{"_monsterinsights_skip_tracking":false,"advanced_seo_description":"","jetpack_seo_html_title":"","jetpack_seo_noindex":false,"jetpack_seo_schema_type":"","_jetpack_newsletter_access":"","_jetpack_dont_email_post_to_subs":false,"_jetpack_newsletter_tier_id":0,"_jetpack_memberships_contains_paywalled_content":false,"_jetpack_feature_clip_id":0,"_jetpack_memberships_contains_paid_content":false,"footnotes":"","jetpack_publicize_message":"","jetpack_publicize_feature_enabled":true,"jetpack_social_post_already_shared":true,"jetpack_social_options":{"image_generator_settings":{"template":"highway","default_image_id":0,"font":"","enabled":false},"version":2},"jetpack_post_was_ever_published":false},"categories":[21,14],"tags":[22,45],"class_list":["post-26291","post","type-post","status-publish","format-standard","has-post-thumbnail","hentry","category-aguascalientes","category-jesus-maria-aguascalientes","tag-aguascalientes","tag-jesus-maria-aguascalientes"],"jetpack_publicize_connections":[],"jetpack_featured_media_url":"https:\/\/i0.wp.com\/informativoelvalledeaguascalientes.online\/wp-content\/uploads\/2022\/01\/48c6ef8f-dfa0-47f7-932e-ccaa55e84930.jpg?fit=1024%2C681&ssl=1","jetpack-related-posts":[],"jetpack_sharing_enabled":true,"jetpack_likes_enabled":true,"_links":{"self":[{"href":"https:\/\/informativoelvalledeaguascalientes.online\/index.php?rest_route=\/wp\/v2\/posts\/26291","targetHints":{"allow":["GET"]}}],"collection":[{"href":"https:\/\/informativoelvalledeaguascalientes.online\/index.php?rest_route=\/wp\/v2\/posts"}],"about":[{"href":"https:\/\/informativoelvalledeaguascalientes.online\/index.php?rest_route=\/wp\/v2\/types\/post"}],"author":[{"embeddable":true,"href":"https:\/\/informativoelvalledeaguascalientes.online\/index.php?rest_route=\/wp\/v2\/users\/1"}],"replies":[{"embeddable":true,"href":"https:\/\/informativoelvalledeaguascalientes.online\/index.php?rest_route=%2Fwp%2Fv2%2Fcomments&post=26291"}],"version-history":[{"count":1,"href":"https:\/\/informativoelvalledeaguascalientes.online\/index.php?rest_route=\/wp\/v2\/posts\/26291\/revisions"}],"predecessor-version":[{"id":26293,"href":"https:\/\/informativoelvalledeaguascalientes.online\/index.php?rest_route=\/wp\/v2\/posts\/26291\/revisions\/26293"}],"wp:featuredmedia":[{"embeddable":true,"href":"https:\/\/informativoelvalledeaguascalientes.online\/index.php?rest_route=\/wp\/v2\/media\/26292"}],"wp:attachment":[{"href":"https:\/\/informativoelvalledeaguascalientes.online\/index.php?rest_route=%2Fwp%2Fv2%2Fmedia&parent=26291"}],"wp:term":[{"taxonomy":"category","embeddable":true,"href":"https:\/\/informativoelvalledeaguascalientes.online\/index.php?rest_route=%2Fwp%2Fv2%2Fcategories&post=26291"},{"taxonomy":"post_tag","embeddable":true,"href":"https:\/\/informativoelvalledeaguascalientes.online\/index.php?rest_route=%2Fwp%2Fv2%2Ftags&post=26291"}],"curies":[{"name":"wp","href":"https:\/\/api.w.org\/{rel}","templated":true}]}}