{"id":2599,"date":"2020-02-05T18:28:19","date_gmt":"2020-02-06T00:28:19","guid":{"rendered":"https:\/\/informativoelvalledeaguascalientes.online\/?p=2599"},"modified":"2020-02-05T18:28:19","modified_gmt":"2020-02-06T00:28:19","slug":"comprometido-con-la-salud-de-los-aguascalentenses-el-gobierno-estatal-amplia-clinica-de-columna","status":"publish","type":"post","link":"https:\/\/informativoelvalledeaguascalientes.online\/?p=2599","title":{"rendered":"COMPROMETIDO CON LA SALUD DE LOS AGUASCALENTENSES EL GOBIERNO ESTATAL AMPL\u00cdA CL\u00cdNICA DE COLUMNA"},"content":{"rendered":"<ul>\n<li dir=\"ltr\">\n<p dir=\"ltr\">Se duplicar\u00e1 la capacidad de atenci\u00f3n a pacientes con estos padecimientos<\/p>\n<\/li>\n<li dir=\"ltr\">\n<p dir=\"ltr\">La obra se encuentra en un 60 por ciento de avance<\/p>\n<\/li>\n<li dir=\"ltr\">\n<p dir=\"ltr\">Esta nueva cl\u00ednica pondr\u00e1 en marcha tambi\u00e9n importantes programas preventivos<\/p>\n<\/li>\n<\/ul>\n<p>&nbsp;<\/p>\n<p dir=\"ltr\">Con el firme objetivo de continuar generando recursos para una atenci\u00f3n de calidad en la salud de la poblaci\u00f3n, el Gobierno del Estado, encabezado por Mart\u00edn Orozco Sandoval, emprendi\u00f3 un proyecto de ampliaci\u00f3n de la cl\u00ednica de columna, con lo que podr\u00e1 duplicarse la capacidad de atenci\u00f3n a pacientes con tratamientos de rehabilitaci\u00f3n.<\/p>\n<p>&nbsp;<\/p>\n<p dir=\"ltr\">Esta cl\u00ednica ubicada en las instalaciones del Centro de Rehabilitaci\u00f3n e Integraci\u00f3n Social, del DIF Estatal,\u00a0 contempla tambi\u00e9n estrategias de prevenci\u00f3n encaminadas a evitar una incapacidad a largo plazo por la lesiones vertebrales, debido a malas posturas en el desempe\u00f1o diario y a las ca\u00eddas que pueden sufrir principalmente personas de la tercera edad.<\/p>\n<p>&nbsp;<\/p>\n<p dir=\"ltr\">Para ampliar la capacidad de atenci\u00f3n en la Cl\u00ednica de Columna se invertir\u00e1n cerca de 8 millones de pesos en la construcci\u00f3n de este espacio con el que se podr\u00e1 ofrecer atenci\u00f3n hasta a 120 usuarios al mes, lo cual duplica la capacidad actual que llega s\u00f3lo a un promedio de 60 personas.<\/p>\n<p>&nbsp;<\/p>\n<p dir=\"ltr\">La doctora Teresa Guadalupe Medina Mac\u00edas, directora de Servicios M\u00e9dicos del DIF, detall\u00f3 que ante la creciente cifra de personas que presentan lesiones vertebrales, este nuevo espacio significar\u00e1 un desahogo en el tiempo de consultas, y permitir\u00e1 que la atenci\u00f3n que se brinda en el CRIS siga siendo de calidad para los aguascalentenses.<\/p>\n<p>&nbsp;<\/p>\n<p dir=\"ltr\">Se estima que para el segundo semestre del a\u00f1o, esta nueva cl\u00ednica est\u00e9 equipada y en funcionamiento.<\/p>\n","protected":false},"excerpt":{"rendered":"<p>Se duplicar\u00e1 la capacidad de atenci\u00f3n a pacientes con estos padecimientos La obra se encuentra en un 60 por ciento de avance Esta nueva cl\u00ednica pondr\u00e1 en marcha tambi\u00e9n importantes programas preventivos &nbsp; Con el firme objetivo de continuar generando recursos para una atenci\u00f3n de calidad en la salud de la poblaci\u00f3n, el Gobierno del [&hellip;]<\/p>\n","protected":false},"author":1,"featured_media":2600,"comment_status":"closed","ping_status":"open","sticky":false,"template":"","format":"standard","meta":{"advanced_seo_description":"","jetpack_seo_html_title":"","jetpack_seo_noindex":false,"_jetpack_memberships_contains_paid_content":false,"footnotes":"","jetpack_publicize_message":"","jetpack_publicize_feature_enabled":true,"jetpack_social_post_already_shared":true,"jetpack_social_options":{"image_generator_settings":{"template":"highway","default_image_id":0,"font":"","enabled":false},"version":2}},"categories":[21,4],"tags":[22,65],"class_list":["post-2599","post","type-post","status-publish","format-standard","has-post-thumbnail","hentry","category-aguascalientes","category-gobierno-del-estado-aguascalientes","tag-aguascalientes","tag-dif-estatal-aguascalientes"],"jetpack_publicize_connections":[],"jetpack_featured_media_url":"https:\/\/i0.wp.com\/informativoelvalledeaguascalientes.online\/wp-content\/uploads\/2020\/02\/dif_edo_ags_05022020.jpg?fit=1024%2C683&ssl=1","jetpack-related-posts":[],"jetpack_sharing_enabled":true,"jetpack_likes_enabled":true,"_links":{"self":[{"href":"https:\/\/informativoelvalledeaguascalientes.online\/index.php?rest_route=\/wp\/v2\/posts\/2599","targetHints":{"allow":["GET"]}}],"collection":[{"href":"https:\/\/informativoelvalledeaguascalientes.online\/index.php?rest_route=\/wp\/v2\/posts"}],"about":[{"href":"https:\/\/informativoelvalledeaguascalientes.online\/index.php?rest_route=\/wp\/v2\/types\/post"}],"author":[{"embeddable":true,"href":"https:\/\/informativoelvalledeaguascalientes.online\/index.php?rest_route=\/wp\/v2\/users\/1"}],"replies":[{"embeddable":true,"href":"https:\/\/informativoelvalledeaguascalientes.online\/index.php?rest_route=%2Fwp%2Fv2%2Fcomments&post=2599"}],"version-history":[{"count":1,"href":"https:\/\/informativoelvalledeaguascalientes.online\/index.php?rest_route=\/wp\/v2\/posts\/2599\/revisions"}],"predecessor-version":[{"id":2601,"href":"https:\/\/informativoelvalledeaguascalientes.online\/index.php?rest_route=\/wp\/v2\/posts\/2599\/revisions\/2601"}],"wp:featuredmedia":[{"embeddable":true,"href":"https:\/\/informativoelvalledeaguascalientes.online\/index.php?rest_route=\/wp\/v2\/media\/2600"}],"wp:attachment":[{"href":"https:\/\/informativoelvalledeaguascalientes.online\/index.php?rest_route=%2Fwp%2Fv2%2Fmedia&parent=2599"}],"wp:term":[{"taxonomy":"category","embeddable":true,"href":"https:\/\/informativoelvalledeaguascalientes.online\/index.php?rest_route=%2Fwp%2Fv2%2Fcategories&post=2599"},{"taxonomy":"post_tag","embeddable":true,"href":"https:\/\/informativoelvalledeaguascalientes.online\/index.php?rest_route=%2Fwp%2Fv2%2Ftags&post=2599"}],"curies":[{"name":"wp","href":"https:\/\/api.w.org\/{rel}","templated":true}]}}