{"id":25268,"date":"2021-11-25T13:26:10","date_gmt":"2021-11-25T19:26:10","guid":{"rendered":"https:\/\/informativoelvalledeaguascalientes.online\/?p=25268"},"modified":"2021-11-25T13:26:10","modified_gmt":"2021-11-25T19:26:10","slug":"trabajadoras-de-aseo-publico-municipal-ags-reciben-capacitacion-sobre-igualdad-y-genero","status":"publish","type":"post","link":"https:\/\/informativoelvalledeaguascalientes.online\/?p=25268","title":{"rendered":"TRABAJADORAS DE ASEO P\u00daBLICO MUNICIPAL AGS. RECIBEN CAPACITACI\u00d3N SOBRE IGUALDAD Y G\u00c9NERO"},"content":{"rendered":"<div class=\"meks_ess layout-1-1 rectangle no-labels solid\">#informativoelvalledeaguascalientes #novaradioaguascalientes<\/div>\n<div><\/div>\n<div><\/div>\n<div><\/div>\n<div class=\"opinion-section\">\n<div class=\"container\">\n<div class=\"section-content row justify-content-center\">\n<div class=\"col-12 col-lg-8 opinion-order-1\">\n<article class=\"opinion-post opinion-single post-37761 post type-post status-publish format-standard has-post-thumbnail hentry category-mujeres tag-capacitacion-igualdad-de-genero tag-imma tag-mujeres-del-departamento-de-aseo-publico tag-secretaria-de-servicios-publicos\">\n<div class=\"entry-content\">\n<p>Para conocer m\u00e1s sobre el derecho que toda mujer tiene de una vida libre de violencia; no discriminaci\u00f3n, igualdad y el respeto a la dignidad humana, trabajadoras del Departamento de Aseo P\u00fablico participan en un curso de capacitaci\u00f3n impartido por el Instituto Municipal de la Mujer de Aguascalientes (IMMA).<\/p>\n<p>El secretario de Servicios P\u00fablicos,\u00a0<strong>Carlos Espa\u00f1a Mart\u00ednez<\/strong>, mencion\u00f3 que impulsa esta serie de charlas y din\u00e1micas en donde mediante distintos esquemas implementados por el IMMA se genere una participaci\u00f3n m\u00e1s\u00a0 incluyente de las mujeres que les ayude a alcanzar un mejor desarrollo personal, familiar, social y laboral.<\/p>\n<p>Adem\u00e1s a trav\u00e9s del programa Agentes Rosas, se fortalecen las acciones de prevenci\u00f3n y combate a la violencia de g\u00e9nero.<\/p>\n<p>Cabe se\u00f1alar que el Departamento de Aseo P\u00fablico est\u00e1 integrado por 226 trabajadores, de los cuales 143 son mujeres; mismas que se organizan en grupos para recibir este curso de capacitaci\u00f3n que brindar\u00e1 un valioso aporte en su vida cotidiana.<\/p>\n<\/div>\n<\/article>\n<\/div>\n<\/div>\n<\/div>\n<\/div>\n","protected":false},"excerpt":{"rendered":"<p>#informativoelvalledeaguascalientes #novaradioaguascalientes Para conocer m\u00e1s sobre el derecho que toda mujer tiene de una vida libre de violencia; no discriminaci\u00f3n, igualdad y el respeto a la dignidad humana, trabajadoras del Departamento de Aseo P\u00fablico participan en un curso de capacitaci\u00f3n impartido por el Instituto Municipal de la Mujer de Aguascalientes (IMMA). El secretario de Servicios [&hellip;]<\/p>\n","protected":false},"author":1,"featured_media":25269,"comment_status":"closed","ping_status":"open","sticky":false,"template":"","format":"standard","meta":{"advanced_seo_description":"","jetpack_seo_html_title":"","jetpack_seo_noindex":false,"_jetpack_memberships_contains_paid_content":false,"footnotes":"","jetpack_publicize_message":"","jetpack_publicize_feature_enabled":true,"jetpack_social_post_already_shared":true,"jetpack_social_options":{"image_generator_settings":{"template":"highway","default_image_id":0,"font":"","enabled":false},"version":2}},"categories":[21,3],"tags":[22,132],"class_list":["post-25268","post","type-post","status-publish","format-standard","has-post-thumbnail","hentry","category-aguascalientes","category-municipio-aguascalientes","tag-aguascalientes","tag-mpio-aguascalientes-imma"],"jetpack_publicize_connections":[],"jetpack_featured_media_url":"https:\/\/i0.wp.com\/informativoelvalledeaguascalientes.online\/wp-content\/uploads\/2021\/11\/mpio_ags_agentes_rosa_24112021.jpeg?fit=1600%2C928&ssl=1","jetpack-related-posts":[],"jetpack_sharing_enabled":true,"jetpack_likes_enabled":true,"_links":{"self":[{"href":"https:\/\/informativoelvalledeaguascalientes.online\/index.php?rest_route=\/wp\/v2\/posts\/25268","targetHints":{"allow":["GET"]}}],"collection":[{"href":"https:\/\/informativoelvalledeaguascalientes.online\/index.php?rest_route=\/wp\/v2\/posts"}],"about":[{"href":"https:\/\/informativoelvalledeaguascalientes.online\/index.php?rest_route=\/wp\/v2\/types\/post"}],"author":[{"embeddable":true,"href":"https:\/\/informativoelvalledeaguascalientes.online\/index.php?rest_route=\/wp\/v2\/users\/1"}],"replies":[{"embeddable":true,"href":"https:\/\/informativoelvalledeaguascalientes.online\/index.php?rest_route=%2Fwp%2Fv2%2Fcomments&post=25268"}],"version-history":[{"count":1,"href":"https:\/\/informativoelvalledeaguascalientes.online\/index.php?rest_route=\/wp\/v2\/posts\/25268\/revisions"}],"predecessor-version":[{"id":25270,"href":"https:\/\/informativoelvalledeaguascalientes.online\/index.php?rest_route=\/wp\/v2\/posts\/25268\/revisions\/25270"}],"wp:featuredmedia":[{"embeddable":true,"href":"https:\/\/informativoelvalledeaguascalientes.online\/index.php?rest_route=\/wp\/v2\/media\/25269"}],"wp:attachment":[{"href":"https:\/\/informativoelvalledeaguascalientes.online\/index.php?rest_route=%2Fwp%2Fv2%2Fmedia&parent=25268"}],"wp:term":[{"taxonomy":"category","embeddable":true,"href":"https:\/\/informativoelvalledeaguascalientes.online\/index.php?rest_route=%2Fwp%2Fv2%2Fcategories&post=25268"},{"taxonomy":"post_tag","embeddable":true,"href":"https:\/\/informativoelvalledeaguascalientes.online\/index.php?rest_route=%2Fwp%2Fv2%2Ftags&post=25268"}],"curies":[{"name":"wp","href":"https:\/\/api.w.org\/{rel}","templated":true}]}}