{"id":25247,"date":"2021-11-25T12:56:22","date_gmt":"2021-11-25T18:56:22","guid":{"rendered":"https:\/\/informativoelvalledeaguascalientes.online\/?p=25247"},"modified":"2021-11-25T12:56:22","modified_gmt":"2021-11-25T18:56:22","slug":"miles-de-jovenes-de-15-a-17-anos-acuden-a-recibir-la-vacuna-contra-covid-19","status":"publish","type":"post","link":"https:\/\/informativoelvalledeaguascalientes.online\/?p=25247","title":{"rendered":"MILES DE J\u00d3VENES DE 15 A 17 A\u00d1OS ACUDEN A RECIBIR LA VACUNA CONTRA COVID-19"},"content":{"rendered":"<p>#informativoelvalledeaguascalientes #novaradioaguascalientes<\/p>\n<p dir=\"ltr\">\n<p>&nbsp;<\/p>\n<p dir=\"ltr\">Al supervisar los puntos habilitados para las jornadas de vacunaci\u00f3n contra COVID-19 para personas de 15 a 17 a\u00f1os de edad, el gobernador del estado, Mart\u00edn Orozco Sandoval, celebr\u00f3 la respuesta de miles j\u00f3venes de Aguascalientes quienes desde muy temprano acudieron a la Universidad Aut\u00f3noma de Aguascalientes y al Foro de las Estrellas para recibir su primera dosis del biol\u00f3gico de Pfizer-BioNTech.<\/p>\n<p>&nbsp;<\/p>\n<p dir=\"ltr\">El mandatario destac\u00f3 que una vez m\u00e1s las y los j\u00f3venes aguascalentenses son ejemplo de responsabilidad al presentarse para la aplicaci\u00f3n de esta vacuna, por lo que invit\u00f3 a la sociedad en general a no dejar pasar la oportunidad para protegerse de esta enfermedad.<\/p>\n<p>&nbsp;<\/p>\n<p dir=\"ltr\">Orozco Sandoval asegur\u00f3 que Aguascalientes, gracias a su personal m\u00e9dico y de enfermer\u00eda, tiene la capacidad de administrar el biol\u00f3gico a m\u00e1s de 30 mil personas diariamente, por lo que se espera recibir m\u00e1s vacunas por parte de la federaci\u00f3n para continuar avanzando con otros sectores de la poblaci\u00f3n.<\/p>\n<p>&nbsp;<\/p>\n<p dir=\"ltr\">Finalmente, acompa\u00f1ado de la delegada estatal de Programas para el Desarrollo, Nora Ruvalcaba G\u00e1mez, el gobernador expres\u00f3 que se continuar\u00e1 haciendo equipo con el Gobierno Federal para la realizaci\u00f3n de jornadas de vacunaci\u00f3n \u00e1giles y organizadas en beneficio de las y los aguascalentenses.<\/p>\n","protected":false},"excerpt":{"rendered":"<p>#informativoelvalledeaguascalientes #novaradioaguascalientes &nbsp; Al supervisar los puntos habilitados para las jornadas de vacunaci\u00f3n contra COVID-19 para personas de 15 a 17 a\u00f1os de edad, el gobernador del estado, Mart\u00edn Orozco Sandoval, celebr\u00f3 la respuesta de miles j\u00f3venes de Aguascalientes quienes desde muy temprano acudieron a la Universidad Aut\u00f3noma de Aguascalientes y al Foro de las [&hellip;]<\/p>\n","protected":false},"author":1,"featured_media":25248,"comment_status":"closed","ping_status":"open","sticky":false,"template":"","format":"standard","meta":{"advanced_seo_description":"","jetpack_seo_html_title":"","jetpack_seo_noindex":false,"_jetpack_memberships_contains_paid_content":false,"footnotes":"","jetpack_publicize_message":"","jetpack_publicize_feature_enabled":true,"jetpack_social_post_already_shared":true,"jetpack_social_options":{"image_generator_settings":{"template":"highway","default_image_id":0,"font":"","enabled":false},"version":2}},"categories":[21,4],"tags":[22,30,31],"class_list":["post-25247","post","type-post","status-publish","format-standard","has-post-thumbnail","hentry","category-aguascalientes","category-gobierno-del-estado-aguascalientes","tag-aguascalientes","tag-issea","tag-mos"],"jetpack_publicize_connections":[],"jetpack_featured_media_url":"https:\/\/i0.wp.com\/informativoelvalledeaguascalientes.online\/wp-content\/uploads\/2021\/11\/mos_issea_vacunas_25112021.jpg?fit=937%2C625&ssl=1","jetpack-related-posts":[],"jetpack_sharing_enabled":true,"jetpack_likes_enabled":true,"_links":{"self":[{"href":"https:\/\/informativoelvalledeaguascalientes.online\/index.php?rest_route=\/wp\/v2\/posts\/25247","targetHints":{"allow":["GET"]}}],"collection":[{"href":"https:\/\/informativoelvalledeaguascalientes.online\/index.php?rest_route=\/wp\/v2\/posts"}],"about":[{"href":"https:\/\/informativoelvalledeaguascalientes.online\/index.php?rest_route=\/wp\/v2\/types\/post"}],"author":[{"embeddable":true,"href":"https:\/\/informativoelvalledeaguascalientes.online\/index.php?rest_route=\/wp\/v2\/users\/1"}],"replies":[{"embeddable":true,"href":"https:\/\/informativoelvalledeaguascalientes.online\/index.php?rest_route=%2Fwp%2Fv2%2Fcomments&post=25247"}],"version-history":[{"count":1,"href":"https:\/\/informativoelvalledeaguascalientes.online\/index.php?rest_route=\/wp\/v2\/posts\/25247\/revisions"}],"predecessor-version":[{"id":25249,"href":"https:\/\/informativoelvalledeaguascalientes.online\/index.php?rest_route=\/wp\/v2\/posts\/25247\/revisions\/25249"}],"wp:featuredmedia":[{"embeddable":true,"href":"https:\/\/informativoelvalledeaguascalientes.online\/index.php?rest_route=\/wp\/v2\/media\/25248"}],"wp:attachment":[{"href":"https:\/\/informativoelvalledeaguascalientes.online\/index.php?rest_route=%2Fwp%2Fv2%2Fmedia&parent=25247"}],"wp:term":[{"taxonomy":"category","embeddable":true,"href":"https:\/\/informativoelvalledeaguascalientes.online\/index.php?rest_route=%2Fwp%2Fv2%2Fcategories&post=25247"},{"taxonomy":"post_tag","embeddable":true,"href":"https:\/\/informativoelvalledeaguascalientes.online\/index.php?rest_route=%2Fwp%2Fv2%2Ftags&post=25247"}],"curies":[{"name":"wp","href":"https:\/\/api.w.org\/{rel}","templated":true}]}}