{"id":25197,"date":"2021-11-24T00:00:30","date_gmt":"2021-11-24T06:00:30","guid":{"rendered":"https:\/\/informativoelvalledeaguascalientes.online\/?p=25197"},"modified":"2021-11-24T00:00:30","modified_gmt":"2021-11-24T06:00:30","slug":"invita-presidencia-municipal-de-aguascalientes-al-tianguis-navideno-en-la-linea-verde","status":"publish","type":"post","link":"https:\/\/informativoelvalledeaguascalientes.online\/?p=25197","title":{"rendered":"INVITA PRESIDENCIA MUNICIPAL DE AGUASCALIENTES AL TIANGUIS NAVIDE\u00d1O EN LA L\u00cdNEA VERDE"},"content":{"rendered":"<ul>\n<li><strong>Se llevar\u00e1 a cabo del viernes 26 al domingo 28 de noviembre a la altura del fraccionamiento Viller\u00edas, en donde se incentivar\u00e1 la convivencia familiar y la reactivaci\u00f3n econ\u00f3mica\u00a0<\/strong><\/li>\n<\/ul>\n<p>La Presidencia Municipal de Aguascalientes invita al Tianguis Navide\u00f1o L\u00ednea Verde, que se instalar\u00e1 del viernes 26 al domingo 28 de noviembre, en el tramo del Fraccionamiento Viller\u00edas, donde m\u00e1s de 150 comerciantes locales ofertar\u00e1n juguetes, accesorios y adornos navide\u00f1os, entre otros art\u00edculos.<\/p>\n<p><strong>Omar Alejandro Vald\u00e9s Reyes<\/strong>, director del Instituto de Convivencia y Desarrollo L\u00ednea Verde, inform\u00f3 que a trav\u00e9s de este espacio se incentivar\u00e1 la econom\u00eda, para lo cual se brindar\u00e1n las facilidades para la instalaci\u00f3n de los comerciantes.<\/p>\n<p>En este mismo espacio, se desarrollar\u00e1n actividades culturales y musicales como el\u00a0 \u201cConcurso de Tejido Creativo\u201d y el \u201cFestival del Tamal\u201d, donde habr\u00e1 una gran variedad de este platillo t\u00edpico mexicano el domingo 28 de noviembre, y contar\u00e1n con un \u00e1rea especial de comida para la convivencia familiar.<\/p>\n<p>Las personas pueden visitar el Tianguis Navide\u00f1o L\u00ednea Verde el viernes 26 de las 15:00 a las 22:00 horas y s\u00e1bado y domingo de las 14:00 a las 22:00 horas.<\/p>\n","protected":false},"excerpt":{"rendered":"<p>Se llevar\u00e1 a cabo del viernes 26 al domingo 28 de noviembre a la altura del fraccionamiento Viller\u00edas, en donde se incentivar\u00e1 la convivencia familiar y la reactivaci\u00f3n econ\u00f3mica\u00a0 La Presidencia Municipal de Aguascalientes invita al Tianguis Navide\u00f1o L\u00ednea Verde, que se instalar\u00e1 del viernes 26 al domingo 28 de noviembre, en el tramo del [&hellip;]<\/p>\n","protected":false},"author":1,"featured_media":25198,"comment_status":"closed","ping_status":"open","sticky":false,"template":"","format":"standard","meta":{"advanced_seo_description":"","jetpack_seo_html_title":"","jetpack_seo_noindex":false,"_jetpack_memberships_contains_paid_content":false,"footnotes":"","jetpack_publicize_message":"","jetpack_publicize_feature_enabled":true,"jetpack_social_post_already_shared":true,"jetpack_social_options":{"image_generator_settings":{"template":"highway","default_image_id":0,"font":"","enabled":false},"version":2}},"categories":[21,3],"tags":[22,25],"class_list":["post-25197","post","type-post","status-publish","format-standard","has-post-thumbnail","hentry","category-aguascalientes","category-municipio-aguascalientes","tag-aguascalientes","tag-mpio-aguascalientes"],"jetpack_publicize_connections":[],"jetpack_featured_media_url":"https:\/\/i0.wp.com\/informativoelvalledeaguascalientes.online\/wp-content\/uploads\/2021\/11\/TIANGUIS2.jpeg?fit=1280%2C1280&ssl=1","jetpack-related-posts":[],"jetpack_sharing_enabled":true,"jetpack_likes_enabled":true,"_links":{"self":[{"href":"https:\/\/informativoelvalledeaguascalientes.online\/index.php?rest_route=\/wp\/v2\/posts\/25197","targetHints":{"allow":["GET"]}}],"collection":[{"href":"https:\/\/informativoelvalledeaguascalientes.online\/index.php?rest_route=\/wp\/v2\/posts"}],"about":[{"href":"https:\/\/informativoelvalledeaguascalientes.online\/index.php?rest_route=\/wp\/v2\/types\/post"}],"author":[{"embeddable":true,"href":"https:\/\/informativoelvalledeaguascalientes.online\/index.php?rest_route=\/wp\/v2\/users\/1"}],"replies":[{"embeddable":true,"href":"https:\/\/informativoelvalledeaguascalientes.online\/index.php?rest_route=%2Fwp%2Fv2%2Fcomments&post=25197"}],"version-history":[{"count":1,"href":"https:\/\/informativoelvalledeaguascalientes.online\/index.php?rest_route=\/wp\/v2\/posts\/25197\/revisions"}],"predecessor-version":[{"id":25199,"href":"https:\/\/informativoelvalledeaguascalientes.online\/index.php?rest_route=\/wp\/v2\/posts\/25197\/revisions\/25199"}],"wp:featuredmedia":[{"embeddable":true,"href":"https:\/\/informativoelvalledeaguascalientes.online\/index.php?rest_route=\/wp\/v2\/media\/25198"}],"wp:attachment":[{"href":"https:\/\/informativoelvalledeaguascalientes.online\/index.php?rest_route=%2Fwp%2Fv2%2Fmedia&parent=25197"}],"wp:term":[{"taxonomy":"category","embeddable":true,"href":"https:\/\/informativoelvalledeaguascalientes.online\/index.php?rest_route=%2Fwp%2Fv2%2Fcategories&post=25197"},{"taxonomy":"post_tag","embeddable":true,"href":"https:\/\/informativoelvalledeaguascalientes.online\/index.php?rest_route=%2Fwp%2Fv2%2Ftags&post=25197"}],"curies":[{"name":"wp","href":"https:\/\/api.w.org\/{rel}","templated":true}]}}