{"id":25187,"date":"2021-11-22T16:21:19","date_gmt":"2021-11-22T22:21:19","guid":{"rendered":"https:\/\/informativoelvalledeaguascalientes.online\/?p=25187"},"modified":"2021-11-22T16:21:19","modified_gmt":"2021-11-22T22:21:19","slug":"importante-mantener-prevencion-y-coordinacion-de-seguridad-en-aguascalientes","status":"publish","type":"post","link":"https:\/\/informativoelvalledeaguascalientes.online\/?p=25187","title":{"rendered":"IMPORTANTE MANTENER PREVENCI\u00d3N Y COORDINACI\u00d3N DE SEGURIDAD EN AGUASCALIENTES"},"content":{"rendered":"<p style=\"font-weight: 400;\">\n<ul>\n<li style=\"font-weight: 400;\"><strong><em>La coordinaci\u00f3n entre estado y municipios permite un andamiaje m\u00e1s efectivo para el combate de fuerzas federales contra la delincuencia organizada: JMFF<\/em><\/strong><\/li>\n<li style=\"font-weight: 400;\"><strong><em>Mando Coordinado fortalece estrategia de seguridad e implica an\u00e1lisis para la prevenci\u00f3n de riesgos<\/em><\/strong><\/li>\n<\/ul>\n<p style=\"font-weight: 400;\"><strong><em>\u00a0<\/em><\/strong><\/p>\n<p style=\"font-weight: 400;\">Durante la Mesa Ciudadana de Seguridad y Justicia, sus integrantes reconocieron la importancia de trabajar una estrategia desde la prevenci\u00f3n y coordinaci\u00f3n entre las corporaciones policiacas, por lo que el secretario general de Gobierno, Juan Manuel Flores Femat, se\u00f1al\u00f3 que es la coordinaci\u00f3n entre estado y municipios, lo que permite un andamiaje m\u00e1s efectivo para el combate de las fuerzas federales contra la delincuencia organizada.<\/p>\n<p style=\"font-weight: 400;\">\n<p style=\"font-weight: 400;\">El responsable de la pol\u00edtica interna, se\u00f1al\u00f3 que el gobernador Mart\u00edn Orozco Sandoval, ya realiza las gestiones pertinentes con las fuerzas militares, con el fin de fortalecer la coordinaci\u00f3n en la regi\u00f3n, de manera que habr\u00e1 el acercamiento con las autoridades de la V Regi\u00f3n Militar, con el fin de afianzar la colaboraci\u00f3n entre los estados que la integran.<\/p>\n<p style=\"font-weight: 400;\">\n<p style=\"font-weight: 400;\">Agreg\u00f3 que al estar en una l\u00ednea de coordinaci\u00f3n, hace que puedan focalizarse y sumar esfuerzos para operar la prevenci\u00f3n y atenci\u00f3n inmediata de los delitos del orden com\u00fan, mientras que las fuerzas federales pueden emprender su tarea principal, es decir el abatimiento del crimen organizado.<\/p>\n<p style=\"font-weight: 400;\">\n<p style=\"font-weight: 400;\">Flores Femat destac\u00f3 la coordinaci\u00f3n que existe de la administraci\u00f3n estatal con la federaci\u00f3n en materia de seguridad, y refiri\u00f3 que el Mando Coordinado de Seguridad no solo es ser reactivos o realizar patrullaje, es el fortalecimiento de la seguridad p\u00fablica e implica un an\u00e1lisis con base en el di\u00e1logo permanente entre todos los que se adhieren, con el fin de prevenir riesgos, tal como sucede en la propia Mesa Ciudadana de Seguridad y Justicia.<\/p>\n<p style=\"font-weight: 400;\"><strong><em>\u00a0<\/em><\/strong><\/p>\n<p style=\"font-weight: 400;\">Durante la reuni\u00f3n, se hizo una revisi\u00f3n de la Matriz de Recursos que se ha constituido para la referida mesa, en la que participan instancias del orden estatal, federal y municipal junto con organizaciones de la sociedad civil, y que integra los recursos humanos, programas especiales, tecnolog\u00eda, infraestructura, as\u00ed como los servicios y seguimiento que se ofrece a las v\u00edctimas de delito.<\/p>\n<p style=\"font-weight: 400;\">\n","protected":false},"excerpt":{"rendered":"<p>La coordinaci\u00f3n entre estado y municipios permite un andamiaje m\u00e1s efectivo para el combate de fuerzas federales contra la delincuencia organizada: JMFF Mando Coordinado fortalece estrategia de seguridad e implica an\u00e1lisis para la prevenci\u00f3n de riesgos \u00a0 Durante la Mesa Ciudadana de Seguridad y Justicia, sus integrantes reconocieron la importancia de trabajar una estrategia desde [&hellip;]<\/p>\n","protected":false},"author":1,"featured_media":25188,"comment_status":"closed","ping_status":"open","sticky":false,"template":"","format":"standard","meta":{"advanced_seo_description":"","jetpack_seo_html_title":"","jetpack_seo_noindex":false,"_jetpack_memberships_contains_paid_content":false,"footnotes":"","jetpack_publicize_message":"","jetpack_publicize_feature_enabled":true,"jetpack_social_post_already_shared":true,"jetpack_social_options":{"image_generator_settings":{"template":"highway","default_image_id":0,"font":"","enabled":false},"version":2}},"categories":[21],"tags":[22,31,51],"class_list":["post-25187","post","type-post","status-publish","format-standard","has-post-thumbnail","hentry","category-aguascalientes","tag-aguascalientes","tag-mos","tag-seggob"],"jetpack_publicize_connections":[],"jetpack_featured_media_url":"https:\/\/i0.wp.com\/informativoelvalledeaguascalientes.online\/wp-content\/uploads\/2021\/11\/WhatsApp-Image-2021-11-22-at-1.31.40-PM.jpeg?fit=1280%2C677&ssl=1","jetpack-related-posts":[],"jetpack_sharing_enabled":true,"jetpack_likes_enabled":true,"_links":{"self":[{"href":"https:\/\/informativoelvalledeaguascalientes.online\/index.php?rest_route=\/wp\/v2\/posts\/25187","targetHints":{"allow":["GET"]}}],"collection":[{"href":"https:\/\/informativoelvalledeaguascalientes.online\/index.php?rest_route=\/wp\/v2\/posts"}],"about":[{"href":"https:\/\/informativoelvalledeaguascalientes.online\/index.php?rest_route=\/wp\/v2\/types\/post"}],"author":[{"embeddable":true,"href":"https:\/\/informativoelvalledeaguascalientes.online\/index.php?rest_route=\/wp\/v2\/users\/1"}],"replies":[{"embeddable":true,"href":"https:\/\/informativoelvalledeaguascalientes.online\/index.php?rest_route=%2Fwp%2Fv2%2Fcomments&post=25187"}],"version-history":[{"count":1,"href":"https:\/\/informativoelvalledeaguascalientes.online\/index.php?rest_route=\/wp\/v2\/posts\/25187\/revisions"}],"predecessor-version":[{"id":25189,"href":"https:\/\/informativoelvalledeaguascalientes.online\/index.php?rest_route=\/wp\/v2\/posts\/25187\/revisions\/25189"}],"wp:featuredmedia":[{"embeddable":true,"href":"https:\/\/informativoelvalledeaguascalientes.online\/index.php?rest_route=\/wp\/v2\/media\/25188"}],"wp:attachment":[{"href":"https:\/\/informativoelvalledeaguascalientes.online\/index.php?rest_route=%2Fwp%2Fv2%2Fmedia&parent=25187"}],"wp:term":[{"taxonomy":"category","embeddable":true,"href":"https:\/\/informativoelvalledeaguascalientes.online\/index.php?rest_route=%2Fwp%2Fv2%2Fcategories&post=25187"},{"taxonomy":"post_tag","embeddable":true,"href":"https:\/\/informativoelvalledeaguascalientes.online\/index.php?rest_route=%2Fwp%2Fv2%2Ftags&post=25187"}],"curies":[{"name":"wp","href":"https:\/\/api.w.org\/{rel}","templated":true}]}}