{"id":25118,"date":"2021-11-22T12:38:57","date_gmt":"2021-11-22T18:38:57","guid":{"rendered":"https:\/\/informativoelvalledeaguascalientes.online\/?p=25118"},"modified":"2021-11-22T12:38:57","modified_gmt":"2021-11-22T18:38:57","slug":"movimiento-ciudadano-celebrara-su-segunda-convencion-estatal-en-ags","status":"publish","type":"post","link":"https:\/\/informativoelvalledeaguascalientes.online\/?p=25118","title":{"rendered":"Movimiento Ciudadano celebrar\u00e1 su segunda Convenci\u00f3n Estatal en AGS."},"content":{"rendered":"<p style=\"font-weight: 400;\">\n<ul>\n<li style=\"font-weight: 400;\"><strong> Actualmente movimiento ciudadano vive el proceso interno mediante el cual renovar\u00e1 sus \u00f3rganos de direcci\u00f3n a nivel Estatal, proceso que se encuentra a cargo de la Comisi\u00f3n Nacional de Convenciones y Procesos Internos.<\/strong><\/li>\n<\/ul>\n<p style=\"font-weight: 400;\"><strong>\u00a0<\/strong><\/p>\n<p style=\"font-weight: 400;\">Este domingo dar\u00e1 t\u00e9rmino con la celebraci\u00f3n de la SEGUNDA CONVENCI\u00d3N ESTATAL DE MOVIMIENTO CIUDADANO EN EL ESTADO DE AGUASCALIENTES, en donde 169 delegadas y delegados decidir\u00e1n los diferentes \u00f3rganos de direcci\u00f3n.<\/p>\n<p style=\"font-weight: 400;\">\n<p style=\"font-weight: 400;\">Esto posterior a un proceso, donde se desarrollaron los registros de quienes acudieron con el inter\u00e9s de ser delegados a la convenci\u00f3n, as\u00ed como de los aspirantes a integrar los diferentes \u00f3rganos de direcci\u00f3n, en la fecha y hora se\u00f1aladas en la convocatoria, emitida en tiempo y forma por la Comisi\u00f3n Nacional de Convenciones y Procesos Internos.<\/p>\n<p style=\"font-weight: 400;\">\n<p style=\"font-weight: 400;\">Cabe destacar que el movimiento naranja, contar\u00e1 con la asistencia, del Senador Dante Delgado, Presidente del Consejo, con el Senador Clemente Casta\u00f1eda, as\u00ed como la Presidenta de la Comisi\u00f3n de Procesos Julieta Mac\u00edas y el Coordinador de los Diputados y Secretario General de acuerdos Jorge \u00c1lvarez M\u00e1ynez, quienes tomar\u00e1n protesta a los integrantes de los \u00f3rganos de direcci\u00f3n que sea electos en la segunda Convenci\u00f3n Estatal en AGS.<\/p>\n<p style=\"font-weight: 400;\">\n<p style=\"font-weight: 400;\">Dentro de los \u00f3rganos de direcci\u00f3n a elegir se encuentra el Consejo, la Coordinadora Ciudadana y la Comisi\u00f3n Operativa Estatal, los cuales ser\u00e1n electos mediante el voto de los Delegados.<\/p>\n<p style=\"font-weight: 400;\">\n<p style=\"font-weight: 400;\">El crecimiento del nuestro movimiento ciudadano queda patente, despu\u00e9s de que logramos este a\u00f1o recuperar el registro y alcanzar diversas posiciones que integran hoy la Bancada naranja tanto en el congreso como en algunos cabildos.<\/p>\n<p style=\"font-weight: 400;\">\n<p style=\"font-weight: 400;\">En torno a un equipo de mujeres y hombres valientes de la sociedad civil, verdaderos ciudadanos y de mujeres hombres con experiencia pol\u00edtica, Gustavo Granados expres\u00f3 que lo mejor del movimiento est\u00e1 por venir y que el futuro del estado ser\u00e1 naranja.<\/p>\n<p style=\"font-weight: 400;\">\n","protected":false},"excerpt":{"rendered":"<p>Actualmente movimiento ciudadano vive el proceso interno mediante el cual renovar\u00e1 sus \u00f3rganos de direcci\u00f3n a nivel Estatal, proceso que se encuentra a cargo de la Comisi\u00f3n Nacional de Convenciones y Procesos Internos. \u00a0 Este domingo dar\u00e1 t\u00e9rmino con la celebraci\u00f3n de la SEGUNDA CONVENCI\u00d3N ESTATAL DE MOVIMIENTO CIUDADANO EN EL ESTADO DE AGUASCALIENTES, en [&hellip;]<\/p>\n","protected":false},"author":1,"featured_media":25119,"comment_status":"closed","ping_status":"open","sticky":false,"template":"","format":"standard","meta":{"advanced_seo_description":"","jetpack_seo_html_title":"","jetpack_seo_noindex":false,"_jetpack_memberships_contains_paid_content":false,"footnotes":"","jetpack_publicize_message":"","jetpack_publicize_feature_enabled":true,"jetpack_social_post_already_shared":true,"jetpack_social_options":{"image_generator_settings":{"template":"highway","default_image_id":0,"font":"","enabled":false},"version":2}},"categories":[21,11],"tags":[22,389],"class_list":["post-25118","post","type-post","status-publish","format-standard","has-post-thumbnail","hentry","category-aguascalientes","category-movimiento-ciudadano-aguascalientes","tag-aguascalientes","tag-movimiento-ciudadano-ags"],"jetpack_publicize_connections":[],"jetpack_featured_media_url":"https:\/\/i0.wp.com\/informativoelvalledeaguascalientes.online\/wp-content\/uploads\/2021\/11\/PMC-2.jpg?fit=1200%2C1600&ssl=1","jetpack-related-posts":[],"jetpack_sharing_enabled":true,"jetpack_likes_enabled":true,"_links":{"self":[{"href":"https:\/\/informativoelvalledeaguascalientes.online\/index.php?rest_route=\/wp\/v2\/posts\/25118","targetHints":{"allow":["GET"]}}],"collection":[{"href":"https:\/\/informativoelvalledeaguascalientes.online\/index.php?rest_route=\/wp\/v2\/posts"}],"about":[{"href":"https:\/\/informativoelvalledeaguascalientes.online\/index.php?rest_route=\/wp\/v2\/types\/post"}],"author":[{"embeddable":true,"href":"https:\/\/informativoelvalledeaguascalientes.online\/index.php?rest_route=\/wp\/v2\/users\/1"}],"replies":[{"embeddable":true,"href":"https:\/\/informativoelvalledeaguascalientes.online\/index.php?rest_route=%2Fwp%2Fv2%2Fcomments&post=25118"}],"version-history":[{"count":1,"href":"https:\/\/informativoelvalledeaguascalientes.online\/index.php?rest_route=\/wp\/v2\/posts\/25118\/revisions"}],"predecessor-version":[{"id":25120,"href":"https:\/\/informativoelvalledeaguascalientes.online\/index.php?rest_route=\/wp\/v2\/posts\/25118\/revisions\/25120"}],"wp:featuredmedia":[{"embeddable":true,"href":"https:\/\/informativoelvalledeaguascalientes.online\/index.php?rest_route=\/wp\/v2\/media\/25119"}],"wp:attachment":[{"href":"https:\/\/informativoelvalledeaguascalientes.online\/index.php?rest_route=%2Fwp%2Fv2%2Fmedia&parent=25118"}],"wp:term":[{"taxonomy":"category","embeddable":true,"href":"https:\/\/informativoelvalledeaguascalientes.online\/index.php?rest_route=%2Fwp%2Fv2%2Fcategories&post=25118"},{"taxonomy":"post_tag","embeddable":true,"href":"https:\/\/informativoelvalledeaguascalientes.online\/index.php?rest_route=%2Fwp%2Fv2%2Ftags&post=25118"}],"curies":[{"name":"wp","href":"https:\/\/api.w.org\/{rel}","templated":true}]}}