{"id":24772,"date":"2021-11-10T01:19:58","date_gmt":"2021-11-10T07:19:58","guid":{"rendered":"https:\/\/informativoelvalledeaguascalientes.online\/?p=24772"},"modified":"2021-11-10T01:19:58","modified_gmt":"2021-11-10T07:19:58","slug":"calvillo-aguascalientes-informa-190","status":"publish","type":"post","link":"https:\/\/informativoelvalledeaguascalientes.online\/?p=24772","title":{"rendered":"Calvillo, Aguascalientes. Informa"},"content":{"rendered":"<p>Con la procesi\u00f3n de antorchas y esta marcha simb\u00f3lica, abrimos los festejos de los 250 a\u00f1os de vida parroquial.<br \/>\nParroquia del Se\u00f1or del Salitre<br \/>\n#Calvillo<br \/>\n#TierraQueTrasciende<\/p>\n","protected":false},"excerpt":{"rendered":"<p>Con la procesi\u00f3n de antorchas y esta marcha simb\u00f3lica, abrimos los festejos de los 250 a\u00f1os de vida parroquial. Parroquia del Se\u00f1or del Salitre #Calvillo #TierraQueTrasciende<\/p>\n","protected":false},"author":1,"featured_media":24773,"comment_status":"closed","ping_status":"open","sticky":false,"template":"","format":"standard","meta":{"advanced_seo_description":"","jetpack_seo_html_title":"","jetpack_seo_noindex":false,"_jetpack_memberships_contains_paid_content":false,"footnotes":"","jetpack_publicize_message":"","jetpack_publicize_feature_enabled":true,"jetpack_social_post_already_shared":true,"jetpack_social_options":{"image_generator_settings":{"template":"highway","default_image_id":0,"font":"","enabled":false},"version":2}},"categories":[21,13],"tags":[22,88,29],"class_list":["post-24772","post","type-post","status-publish","format-standard","has-post-thumbnail","hentry","category-aguascalientes","category-calvillo-aguascalientes","tag-aguascalientes","tag-calvillo","tag-calvillo-aguascalientes"],"jetpack_publicize_connections":[],"jetpack_featured_media_url":"https:\/\/i0.wp.com\/informativoelvalledeaguascalientes.online\/wp-content\/uploads\/2021\/11\/cfe6c9ce-5036-4295-a2ca-0afb4930e5c8.jpg?fit=1080%2C720&ssl=1","jetpack-related-posts":[],"jetpack_sharing_enabled":true,"jetpack_likes_enabled":true,"_links":{"self":[{"href":"https:\/\/informativoelvalledeaguascalientes.online\/index.php?rest_route=\/wp\/v2\/posts\/24772","targetHints":{"allow":["GET"]}}],"collection":[{"href":"https:\/\/informativoelvalledeaguascalientes.online\/index.php?rest_route=\/wp\/v2\/posts"}],"about":[{"href":"https:\/\/informativoelvalledeaguascalientes.online\/index.php?rest_route=\/wp\/v2\/types\/post"}],"author":[{"embeddable":true,"href":"https:\/\/informativoelvalledeaguascalientes.online\/index.php?rest_route=\/wp\/v2\/users\/1"}],"replies":[{"embeddable":true,"href":"https:\/\/informativoelvalledeaguascalientes.online\/index.php?rest_route=%2Fwp%2Fv2%2Fcomments&post=24772"}],"version-history":[{"count":1,"href":"https:\/\/informativoelvalledeaguascalientes.online\/index.php?rest_route=\/wp\/v2\/posts\/24772\/revisions"}],"predecessor-version":[{"id":24774,"href":"https:\/\/informativoelvalledeaguascalientes.online\/index.php?rest_route=\/wp\/v2\/posts\/24772\/revisions\/24774"}],"wp:featuredmedia":[{"embeddable":true,"href":"https:\/\/informativoelvalledeaguascalientes.online\/index.php?rest_route=\/wp\/v2\/media\/24773"}],"wp:attachment":[{"href":"https:\/\/informativoelvalledeaguascalientes.online\/index.php?rest_route=%2Fwp%2Fv2%2Fmedia&parent=24772"}],"wp:term":[{"taxonomy":"category","embeddable":true,"href":"https:\/\/informativoelvalledeaguascalientes.online\/index.php?rest_route=%2Fwp%2Fv2%2Fcategories&post=24772"},{"taxonomy":"post_tag","embeddable":true,"href":"https:\/\/informativoelvalledeaguascalientes.online\/index.php?rest_route=%2Fwp%2Fv2%2Ftags&post=24772"}],"curies":[{"name":"wp","href":"https:\/\/api.w.org\/{rel}","templated":true}]}}