{"id":24755,"date":"2021-11-10T00:30:02","date_gmt":"2021-11-10T06:30:02","guid":{"rendered":"https:\/\/informativoelvalledeaguascalientes.online\/?p=24755"},"modified":"2021-11-10T00:30:02","modified_gmt":"2021-11-10T06:30:02","slug":"designa-leonardo-montanez-a-carlos-espana-martinez-como-secretario-de-servicios-publicos","status":"publish","type":"post","link":"https:\/\/informativoelvalledeaguascalientes.online\/?p=24755","title":{"rendered":"DESIGNA LEONARDO MONTA\u00d1EZ A CARLOS ESPA\u00d1A MART\u00cdNEZ COMO SECRETARIO DE SERVICIOS P\u00daBLICOS"},"content":{"rendered":"<p>#informativoelvalledeaguascalientes , #novaradioaguascalientes<\/p>\n<ul>\n<li><strong>Agradece a Edson Camarillo por el apoyo durante el periodo de transici\u00f3n hacia la administraci\u00f3n 2021-2024\u00a0\u00a0\u00a0\u00a0\u00a0<\/strong>&nbsp;<\/li>\n<\/ul>\n<p>El presidente municipal de Aguascalientes,\u00a0<strong>Leonardo Monta\u00f1ez<\/strong>, design\u00f3 a\u00a0<strong>Carlos Ernesto Espa\u00f1a Mart\u00ednez<\/strong>, como titular de la Secretar\u00eda de Servicios P\u00fablicos (SSP), reafirmando el compromiso de que a trav\u00e9s de esta importante \u00e1rea se impulsar\u00e1n novedosos proyectos en beneficio de la poblaci\u00f3n.<\/p>\n<p><strong>Carlos Ernesto Espa\u00f1a<\/strong>\u00a0se\u00f1al\u00f3 qu\u00e9 har\u00e1 equipo con el personal de las diferentes direcciones para mejorar los servicios p\u00fablicos que se prestan a la ciudadan\u00eda.<\/p>\n<p>Asimismo, el presidente municipal\u00a0<strong>Leonardo Monta\u00f1ez<\/strong>\u00a0agradeci\u00f3 a\u00a0<strong>Edson Camarillo Rodr\u00edguez<\/strong>\u00a0quien estuvo al frente de la SSP, por el apoyo y el trabajo realizado durante la transici\u00f3n hacia la administraci\u00f3n 2021-2024, en el que se cumplieron los objetivos planteados, se\u00f1alando que invitar\u00e1 a\u00a0<strong>Camarillo Rodr\u00edguez<\/strong>\u00a0a integrarse a otros proyectos.<\/p>\n<p>&nbsp;<\/p>\n<div id=\"gallery-2\" class=\"gallery galleryid-37159 gallery-columns-3 gallery-size-opinion-d\">\n<figure class=\"gallery-item\">\n<div class=\"gallery-icon landscape\"><\/div>\n<\/figure>\n<\/div>\n","protected":false},"excerpt":{"rendered":"<p>#informativoelvalledeaguascalientes , #novaradioaguascalientes Agradece a Edson Camarillo por el apoyo durante el periodo de transici\u00f3n hacia la administraci\u00f3n 2021-2024\u00a0\u00a0\u00a0\u00a0\u00a0&nbsp; El presidente municipal de Aguascalientes,\u00a0Leonardo Monta\u00f1ez, design\u00f3 a\u00a0Carlos Ernesto Espa\u00f1a Mart\u00ednez, como titular de la Secretar\u00eda de Servicios P\u00fablicos (SSP), reafirmando el compromiso de que a trav\u00e9s de esta importante \u00e1rea se impulsar\u00e1n novedosos proyectos en [&hellip;]<\/p>\n","protected":false},"author":1,"featured_media":24756,"comment_status":"closed","ping_status":"open","sticky":false,"template":"","format":"standard","meta":{"advanced_seo_description":"","jetpack_seo_html_title":"","jetpack_seo_noindex":false,"_jetpack_memberships_contains_paid_content":false,"footnotes":"","jetpack_publicize_message":"","jetpack_publicize_feature_enabled":true,"jetpack_social_post_already_shared":true,"jetpack_social_options":{"image_generator_settings":{"template":"highway","default_image_id":0,"font":"","enabled":false},"version":2}},"categories":[21,3],"tags":[22,25,139],"class_list":["post-24755","post","type-post","status-publish","format-standard","has-post-thumbnail","hentry","category-aguascalientes","category-municipio-aguascalientes","tag-aguascalientes","tag-mpio-aguascalientes","tag-mpio-aguascalientes-ssp"],"jetpack_publicize_connections":[],"jetpack_featured_media_url":"https:\/\/i0.wp.com\/informativoelvalledeaguascalientes.online\/wp-content\/uploads\/2021\/11\/CARLOS-ESPANA-3-1-scaled-1.jpg?fit=2560%2C1697&ssl=1","jetpack-related-posts":[],"jetpack_sharing_enabled":true,"jetpack_likes_enabled":true,"_links":{"self":[{"href":"https:\/\/informativoelvalledeaguascalientes.online\/index.php?rest_route=\/wp\/v2\/posts\/24755","targetHints":{"allow":["GET"]}}],"collection":[{"href":"https:\/\/informativoelvalledeaguascalientes.online\/index.php?rest_route=\/wp\/v2\/posts"}],"about":[{"href":"https:\/\/informativoelvalledeaguascalientes.online\/index.php?rest_route=\/wp\/v2\/types\/post"}],"author":[{"embeddable":true,"href":"https:\/\/informativoelvalledeaguascalientes.online\/index.php?rest_route=\/wp\/v2\/users\/1"}],"replies":[{"embeddable":true,"href":"https:\/\/informativoelvalledeaguascalientes.online\/index.php?rest_route=%2Fwp%2Fv2%2Fcomments&post=24755"}],"version-history":[{"count":1,"href":"https:\/\/informativoelvalledeaguascalientes.online\/index.php?rest_route=\/wp\/v2\/posts\/24755\/revisions"}],"predecessor-version":[{"id":24757,"href":"https:\/\/informativoelvalledeaguascalientes.online\/index.php?rest_route=\/wp\/v2\/posts\/24755\/revisions\/24757"}],"wp:featuredmedia":[{"embeddable":true,"href":"https:\/\/informativoelvalledeaguascalientes.online\/index.php?rest_route=\/wp\/v2\/media\/24756"}],"wp:attachment":[{"href":"https:\/\/informativoelvalledeaguascalientes.online\/index.php?rest_route=%2Fwp%2Fv2%2Fmedia&parent=24755"}],"wp:term":[{"taxonomy":"category","embeddable":true,"href":"https:\/\/informativoelvalledeaguascalientes.online\/index.php?rest_route=%2Fwp%2Fv2%2Fcategories&post=24755"},{"taxonomy":"post_tag","embeddable":true,"href":"https:\/\/informativoelvalledeaguascalientes.online\/index.php?rest_route=%2Fwp%2Fv2%2Ftags&post=24755"}],"curies":[{"name":"wp","href":"https:\/\/api.w.org\/{rel}","templated":true}]}}