{"id":24752,"date":"2021-11-10T00:25:01","date_gmt":"2021-11-10T06:25:01","guid":{"rendered":"https:\/\/informativoelvalledeaguascalientes.online\/?p=24752"},"modified":"2021-11-10T00:25:01","modified_gmt":"2021-11-10T06:25:01","slug":"preside-el-representante-ciudadano-gustavo-granados-la-comision-de-desarrollo-social-en-el-ayuntamiento-de-aguascalientes","status":"publish","type":"post","link":"https:\/\/informativoelvalledeaguascalientes.online\/?p=24752","title":{"rendered":"Preside el Representante Ciudadano, Gustavo Granados, la Comisi\u00f3n de Desarrollo Social en el Ayuntamiento de Aguascalientes"},"content":{"rendered":"<p>#informativoelvalledeaguascalientes , #novaradioaguascalientes<\/p>\n<p>&nbsp;<\/p>\n<ul>\n<li><strong> A la sesi\u00f3n asisti\u00f3 el Secretario de Desarrollo Social, Luis Le\u00f3n<\/strong><\/li>\n<li><strong> La transparencia ser\u00e1 una prioridad para la Comisi\u00f3n de Desarrollo Social del Ayuntamiento: Gustavo Granados<\/strong><\/li>\n<\/ul>\n<p><strong>\u00a0<\/strong><\/p>\n<p>Gustavo Granados, Representante Ciudadano de la Bancada Naranja tom\u00f3 protesta como presidente de la comisi\u00f3n de Desarrollo Social e instal\u00f3 la misma de manera conjunta con las y los regidores que integran dicha comisi\u00f3n; en la sesi\u00f3n estuvo presente Luis Guadalupe Le\u00f3n, titular de la Secretar\u00eda de Desarrollo Social (SEDESO).<\/p>\n<p>&nbsp;<\/p>\n<p>Durante la toma de protesta, Gustavo Granados hizo menci\u00f3n de la importancia y el impacto que tienen los programas de desarrollo social en la sociedad, por lo que \u201ces necesario trabajar de manera transversal con las diferentes secretar\u00edas con la finalidad de lograr implementar pol\u00edticas p\u00fablicas que abonen a la mejora del tejido social\u201d, mencion\u00f3.<\/p>\n<p>&nbsp;<\/p>\n<p>Adem\u00e1s coment\u00f3 que \u201ces una de las \u00e1reas m\u00e1s sensibles, por lo que debemos generar indicadores para tener una medici\u00f3n y as\u00ed conocer realmente cu\u00e1l es el impacto social de cada uno de los programas, para garantizar que se construyan programas a la medida, que garantice que\u00a0\u00a0de forma \u00f3ptima a las y los ciudadanos\u201d.<\/p>\n<p>&nbsp;<\/p>\n<p>Por otra parte, enfatiz\u00f3 en que la educaci\u00f3n y el deporte son elementos de previsi\u00f3n y prevenci\u00f3n que garantizan un mejor desarrollo, e hizo hincapi\u00e9 en que \u201cse cuidar\u00e1 que cada uno de los apoyos sean otorgados de manera transparente para garantizar la optimizaci\u00f3n de los recursos\u201d.<\/p>\n<p>&nbsp;<\/p>\n<p>Quienes tomaron protesta como miembros de la comisi\u00f3n, fueron las y los regidores Marylupe Arellano, Luis Armando Salazar, Martha Gonz\u00e1lez Estrada, Marisol Barr\u00f3n y Gustavo Granados.<\/p>\n<p>&nbsp;<\/p>\n<p>Para finalizar, en el uso de la voz de Luis Guadalupe Le\u00f3n, titular de la SEDESO, se comprometi\u00f3 a establecer una relaci\u00f3n de trabajo cercana al cabildo, para lograr un trabajo colegiado en beneficio de las y los ciudadanos.<\/p>\n","protected":false},"excerpt":{"rendered":"<p>#informativoelvalledeaguascalientes , #novaradioaguascalientes &nbsp; A la sesi\u00f3n asisti\u00f3 el Secretario de Desarrollo Social, Luis Le\u00f3n La transparencia ser\u00e1 una prioridad para la Comisi\u00f3n de Desarrollo Social del Ayuntamiento: Gustavo Granados \u00a0 Gustavo Granados, Representante Ciudadano de la Bancada Naranja tom\u00f3 protesta como presidente de la comisi\u00f3n de Desarrollo Social e instal\u00f3 la misma de manera [&hellip;]<\/p>\n","protected":false},"author":1,"featured_media":24753,"comment_status":"closed","ping_status":"open","sticky":false,"template":"","format":"standard","meta":{"advanced_seo_description":"","jetpack_seo_html_title":"","jetpack_seo_noindex":false,"_jetpack_memberships_contains_paid_content":false,"footnotes":"","jetpack_publicize_message":"","jetpack_publicize_feature_enabled":true,"jetpack_social_post_already_shared":true,"jetpack_social_options":{"image_generator_settings":{"template":"highway","default_image_id":0,"font":"","enabled":false},"version":2}},"categories":[21,11],"tags":[22,389],"class_list":["post-24752","post","type-post","status-publish","format-standard","has-post-thumbnail","hentry","category-aguascalientes","category-movimiento-ciudadano-aguascalientes","tag-aguascalientes","tag-movimiento-ciudadano-ags"],"jetpack_publicize_connections":[],"jetpack_featured_media_url":"https:\/\/i0.wp.com\/informativoelvalledeaguascalientes.online\/wp-content\/uploads\/2021\/11\/MC30-3.jpg?fit=1494%2C1121&ssl=1","jetpack-related-posts":[],"jetpack_sharing_enabled":true,"jetpack_likes_enabled":true,"_links":{"self":[{"href":"https:\/\/informativoelvalledeaguascalientes.online\/index.php?rest_route=\/wp\/v2\/posts\/24752","targetHints":{"allow":["GET"]}}],"collection":[{"href":"https:\/\/informativoelvalledeaguascalientes.online\/index.php?rest_route=\/wp\/v2\/posts"}],"about":[{"href":"https:\/\/informativoelvalledeaguascalientes.online\/index.php?rest_route=\/wp\/v2\/types\/post"}],"author":[{"embeddable":true,"href":"https:\/\/informativoelvalledeaguascalientes.online\/index.php?rest_route=\/wp\/v2\/users\/1"}],"replies":[{"embeddable":true,"href":"https:\/\/informativoelvalledeaguascalientes.online\/index.php?rest_route=%2Fwp%2Fv2%2Fcomments&post=24752"}],"version-history":[{"count":1,"href":"https:\/\/informativoelvalledeaguascalientes.online\/index.php?rest_route=\/wp\/v2\/posts\/24752\/revisions"}],"predecessor-version":[{"id":24754,"href":"https:\/\/informativoelvalledeaguascalientes.online\/index.php?rest_route=\/wp\/v2\/posts\/24752\/revisions\/24754"}],"wp:featuredmedia":[{"embeddable":true,"href":"https:\/\/informativoelvalledeaguascalientes.online\/index.php?rest_route=\/wp\/v2\/media\/24753"}],"wp:attachment":[{"href":"https:\/\/informativoelvalledeaguascalientes.online\/index.php?rest_route=%2Fwp%2Fv2%2Fmedia&parent=24752"}],"wp:term":[{"taxonomy":"category","embeddable":true,"href":"https:\/\/informativoelvalledeaguascalientes.online\/index.php?rest_route=%2Fwp%2Fv2%2Fcategories&post=24752"},{"taxonomy":"post_tag","embeddable":true,"href":"https:\/\/informativoelvalledeaguascalientes.online\/index.php?rest_route=%2Fwp%2Fv2%2Ftags&post=24752"}],"curies":[{"name":"wp","href":"https:\/\/api.w.org\/{rel}","templated":true}]}}