{"id":24272,"date":"2021-10-26T20:30:45","date_gmt":"2021-10-27T02:30:45","guid":{"rendered":"https:\/\/informativoelvalledeaguascalientes.online\/?p=24272"},"modified":"2021-10-26T20:30:45","modified_gmt":"2021-10-27T02:30:45","slug":"reconoce-leonardo-montanez-labor-de-los-trabajadores-de-aseo-y-limpia-municipales","status":"publish","type":"post","link":"https:\/\/informativoelvalledeaguascalientes.online\/?p=24272","title":{"rendered":"RECONOCE LEONARDO MONTA\u00d1EZ LABOR DE LOS TRABAJADORES DE ASEO Y LIMPIA MUNICIPALES"},"content":{"rendered":"<p>#informativoelvalledeaguascalientes , #novaradioaguascalientes<\/p>\n<p>La tarde de este martes al visitar y conversar con m\u00e1s 150 trabajadores de Aseo P\u00fablico, perteneciente a la Direcci\u00f3n de Limpia de la Secretar\u00eda de Servicios P\u00fablicos (SSP), el presidente municipal,\u00a0<strong>Leonardo Monta\u00f1ez,<\/strong>\u00a0mencion\u00f3 que continuar\u00e1 fortaleciendo una de las \u00e1reas m\u00e1s importantes de la administraci\u00f3n\u00a0 para seguir construyendo un entorno m\u00e1s saludable y ordenado para Aguascalientes.<\/p>\n<p>En su mensaje felicit\u00f3 a quienes conforman este gran equipo y que son ejemplo de compromiso y lealtad a la ciudadan\u00eda, y que todos los d\u00edas ponen su mejor empe\u00f1o para \u201cmantener nuestra casa limpia\u201d sin importar las inclemencias del tiempo,\u00a0 recorriendo 4 kil\u00f3metros cada uno aseando calles y avenidas.<\/p>\n<p>El presidente municipal afirm\u00f3 que se dar\u00e1 continuidad a las acciones que han permitido posicionar a nuestra ciudad como ejemplo a nivel nacional e internacional en esta materia y sobre todo se enfocar\u00e1n los esfuerzos para consolidar equipos de trabajo m\u00e1s humanos, profesionales y que esto se vea reflejado en el servicio que se presta a la ciudadan\u00eda.<\/p>\n<p>En este tenor hizo un llamado a la poblaci\u00f3n a colaborar evitando arrojar basura en la v\u00eda p\u00fablica y coadyuvar a mantener el bienestar de la ciudad de nuestras vidas.<\/p>\n","protected":false},"excerpt":{"rendered":"<p>#informativoelvalledeaguascalientes , #novaradioaguascalientes La tarde de este martes al visitar y conversar con m\u00e1s 150 trabajadores de Aseo P\u00fablico, perteneciente a la Direcci\u00f3n de Limpia de la Secretar\u00eda de Servicios P\u00fablicos (SSP), el presidente municipal,\u00a0Leonardo Monta\u00f1ez,\u00a0mencion\u00f3 que continuar\u00e1 fortaleciendo una de las \u00e1reas m\u00e1s importantes de la administraci\u00f3n\u00a0 para seguir construyendo un entorno m\u00e1s saludable [&hellip;]<\/p>\n","protected":false},"author":1,"featured_media":24273,"comment_status":"closed","ping_status":"open","sticky":false,"template":"","format":"standard","meta":{"advanced_seo_description":"","jetpack_seo_html_title":"","jetpack_seo_noindex":false,"_jetpack_memberships_contains_paid_content":false,"footnotes":"","jetpack_publicize_message":"","jetpack_publicize_feature_enabled":true,"jetpack_social_post_already_shared":true,"jetpack_social_options":{"image_generator_settings":{"template":"highway","default_image_id":0,"font":"","enabled":false},"version":2}},"categories":[21,3],"tags":[22,25,139],"class_list":["post-24272","post","type-post","status-publish","format-standard","has-post-thumbnail","hentry","category-aguascalientes","category-municipio-aguascalientes","tag-aguascalientes","tag-mpio-aguascalientes","tag-mpio-aguascalientes-ssp"],"jetpack_publicize_connections":[],"jetpack_featured_media_url":"https:\/\/i0.wp.com\/informativoelvalledeaguascalientes.online\/wp-content\/uploads\/2021\/10\/20211026134725_IMG_0271.jpg?fit=2400%2C1600&ssl=1","jetpack-related-posts":[],"jetpack_sharing_enabled":true,"jetpack_likes_enabled":true,"_links":{"self":[{"href":"https:\/\/informativoelvalledeaguascalientes.online\/index.php?rest_route=\/wp\/v2\/posts\/24272","targetHints":{"allow":["GET"]}}],"collection":[{"href":"https:\/\/informativoelvalledeaguascalientes.online\/index.php?rest_route=\/wp\/v2\/posts"}],"about":[{"href":"https:\/\/informativoelvalledeaguascalientes.online\/index.php?rest_route=\/wp\/v2\/types\/post"}],"author":[{"embeddable":true,"href":"https:\/\/informativoelvalledeaguascalientes.online\/index.php?rest_route=\/wp\/v2\/users\/1"}],"replies":[{"embeddable":true,"href":"https:\/\/informativoelvalledeaguascalientes.online\/index.php?rest_route=%2Fwp%2Fv2%2Fcomments&post=24272"}],"version-history":[{"count":1,"href":"https:\/\/informativoelvalledeaguascalientes.online\/index.php?rest_route=\/wp\/v2\/posts\/24272\/revisions"}],"predecessor-version":[{"id":24274,"href":"https:\/\/informativoelvalledeaguascalientes.online\/index.php?rest_route=\/wp\/v2\/posts\/24272\/revisions\/24274"}],"wp:featuredmedia":[{"embeddable":true,"href":"https:\/\/informativoelvalledeaguascalientes.online\/index.php?rest_route=\/wp\/v2\/media\/24273"}],"wp:attachment":[{"href":"https:\/\/informativoelvalledeaguascalientes.online\/index.php?rest_route=%2Fwp%2Fv2%2Fmedia&parent=24272"}],"wp:term":[{"taxonomy":"category","embeddable":true,"href":"https:\/\/informativoelvalledeaguascalientes.online\/index.php?rest_route=%2Fwp%2Fv2%2Fcategories&post=24272"},{"taxonomy":"post_tag","embeddable":true,"href":"https:\/\/informativoelvalledeaguascalientes.online\/index.php?rest_route=%2Fwp%2Fv2%2Ftags&post=24272"}],"curies":[{"name":"wp","href":"https:\/\/api.w.org\/{rel}","templated":true}]}}